{"id":100,"date":"2025-02-16T15:16:46","date_gmt":"2025-02-16T12:16:46","guid":{"rendered":"https:\/\/celalyildirim.com\/?p=100"},"modified":"2025-05-17T22:22:30","modified_gmt":"2025-05-17T19:22:30","slug":"iki-yurek","status":"publish","type":"post","link":"https:\/\/celalyildirim.com\/index.php\/2025\/02\/16\/iki-yurek\/","title":{"rendered":"\u0130ki  Y\u00fcrek"},"content":{"rendered":"\n<p>Yaz a\u015fklar\u0131 ge\u00e7icidir derler.<\/p>\n\n\n\n<p>Hi\u00e7 \u00f6\u011fle de\u011fil.<\/p>\n\n\n\n<p>S\u0131cak bir yaz g\u00fcn\u00fcnde,<\/p>\n\n\n\n<p>G\u00f6z\u00fcndeki par\u0131lt\u0131lar&nbsp; yans\u0131d\u0131 y\u00fcz\u00fcme,<\/p>\n\n\n\n<p>Beni denizin derin sular\u0131na dald\u0131rd\u0131.<\/p>\n\n\n\n<p>Yans\u0131yan \u0131\u015f\u0131klar<\/p>\n\n\n\n<p>F\u0131rat ve dicle nehirleri gibi<\/p>\n\n\n\n<p>Akt\u0131 g\u00f6nl\u00fcmden i\u00e7eri \u0131l\u0131k \u0131l\u0131k<\/p>\n\n\n\n<p>Olduk a\u015fkla dolu iki y\u00fcrek<\/p>\n\n\n\n<p>Yol ald\u0131k\u00e7a devle\u015ftik,devle\u015ftik\u00e7e gen\u00e7le\u015ftik.<\/p>\n\n\n\n<p>Olduk tek y\u00fcrek.S\u0131ms\u0131cak.<\/p>\n\n\n\n<p>&nbsp; &nbsp; &nbsp; &nbsp; &nbsp; &nbsp; &nbsp; &nbsp; &nbsp; &nbsp;21.12.2023<\/p>\n\n\n\n<p>&nbsp; &nbsp; &nbsp; Celal&nbsp; Y\u0131ld\u0131r\u0131m<\/p>\n","protected":false},"excerpt":{"rendered":"<p>Yaz a\u015fklar\u0131 ge\u00e7icidir derler. Hi\u00e7 \u00f6\u011fle de\u011fil. S\u0131cak bir yaz g\u00fcn\u00fcnde, G\u00f6z\u00fcndeki par\u0131lt\u0131lar&nbsp; yans\u0131d\u0131 y\u00fcz\u00fcme, Beni denizin derin sular\u0131na dald\u0131rd\u0131. Yans\u0131yan \u0131\u015f\u0131klar F\u0131rat ve dicle nehirleri gibi Akt\u0131 g\u00f6nl\u00fcmden i\u00e7eri \u0131l\u0131k \u0131l\u0131k Olduk a\u015fkla dolu iki y\u00fcrek Yol ald\u0131k\u00e7a devle\u015ftik,devle\u015ftik\u00e7e gen\u00e7le\u015ftik. Olduk tek y\u00fcrek.S\u0131ms\u0131cak. &nbsp; &nbsp; &nbsp; &nbsp; &nbsp; &nbsp; &nbsp; &nbsp; &nbsp; &nbsp;21.12.2023 &nbsp; [&hellip;]<\/p>\n","protected":false},"author":1,"featured_media":0,"comment_status":"open","ping_status":"open","sticky":false,"template":"","format":"standard","meta":{"footnotes":""},"categories":[8],"tags":[],"class_list":["post-100","post","type-post","status-publish","format-standard","hentry","category-lirik-siir"],"_links":{"self":[{"href":"https:\/\/celalyildirim.com\/index.php\/wp-json\/wp\/v2\/posts\/100","targetHints":{"allow":["GET"]}}],"collection":[{"href":"https:\/\/celalyildirim.com\/index.php\/wp-json\/wp\/v2\/posts"}],"about":[{"href":"https:\/\/celalyildirim.com\/index.php\/wp-json\/wp\/v2\/types\/post"}],"author":[{"embeddable":true,"href":"https:\/\/celalyildirim.com\/index.php\/wp-json\/wp\/v2\/users\/1"}],"replies":[{"embeddable":true,"href":"https:\/\/celalyildirim.com\/index.php\/wp-json\/wp\/v2\/comments?post=100"}],"version-history":[{"count":2,"href":"https:\/\/celalyildirim.com\/index.php\/wp-json\/wp\/v2\/posts\/100\/revisions"}],"predecessor-version":[{"id":735,"href":"https:\/\/celalyildirim.com\/index.php\/wp-json\/wp\/v2\/posts\/100\/revisions\/735"}],"wp:attachment":[{"href":"https:\/\/celalyildirim.com\/index.php\/wp-json\/wp\/v2\/media?parent=100"}],"wp:term":[{"taxonomy":"category","embeddable":true,"href":"https:\/\/celalyildirim.com\/index.php\/wp-json\/wp\/v2\/categories?post=100"},{"taxonomy":"post_tag","embeddable":true,"href":"https:\/\/celalyildirim.com\/index.php\/wp-json\/wp\/v2\/tags?post=100"}],"curies":[{"name":"wp","href":"https:\/\/api.w.org\/{rel}","templated":true}]}}