{"id":102,"date":"2025-02-16T15:17:54","date_gmt":"2025-02-16T12:17:54","guid":{"rendered":"https:\/\/celalyildirim.com\/?p=102"},"modified":"2025-05-17T22:21:59","modified_gmt":"2025-05-17T19:21:59","slug":"mavi","status":"publish","type":"post","link":"https:\/\/celalyildirim.com\/index.php\/2025\/02\/16\/mavi\/","title":{"rendered":"Mavi"},"content":{"rendered":"\n<p>Seni g\u00f6kku\u015fa\u011f\u0131n\u0131n renklerinden se\u00e7tim.<\/p>\n\n\n\n<p>Sen denizin ye\u015fili,turkuaz\u0131,laciverti,mavisisin.<\/p>\n\n\n\n<p>Ortancan\u0131n pembesi,beyaz\u0131,mavisi,<\/p>\n\n\n\n<p>Sen evrende vazge\u00e7ilmezimsin.<\/p>\n\n\n\n<p>Sen kuvarts\u0131n pembesi,ye\u015fili,mavisisin.<\/p>\n\n\n\n<p>Opal ta\u015f\u0131nda i\u015fik vurduk\u00e7a parlayan,<\/p>\n\n\n\n<p>parlad\u0131k\u00e7a \u0131\u015f\u0131k sa\u00e7an\u0131ms\u0131n.<\/p>\n\n\n\n<p>Ya\u015fad\u0131k\u00e7a vazge\u00e7ilmezimsin.<\/p>\n\n\n\n<p>Menek\u015fenin mavisinde ya\u015fayan\u0131ms\u0131n,<\/p>\n\n\n\n<p>Ya\u015fad\u0131k\u00e7a mavile\u015fen birici\u011fimsin.<\/p>\n\n\n\n<p>&nbsp; &nbsp; &nbsp; &nbsp; &nbsp; &nbsp; &nbsp; &nbsp; &nbsp; &nbsp; &nbsp; 23.12.2023<\/p>\n","protected":false},"excerpt":{"rendered":"<p>Seni g\u00f6kku\u015fa\u011f\u0131n\u0131n renklerinden se\u00e7tim. Sen denizin ye\u015fili,turkuaz\u0131,laciverti,mavisisin. Ortancan\u0131n pembesi,beyaz\u0131,mavisi, Sen evrende vazge\u00e7ilmezimsin. Sen kuvarts\u0131n pembesi,ye\u015fili,mavisisin. Opal ta\u015f\u0131nda i\u015fik vurduk\u00e7a parlayan, parlad\u0131k\u00e7a \u0131\u015f\u0131k sa\u00e7an\u0131ms\u0131n. Ya\u015fad\u0131k\u00e7a vazge\u00e7ilmezimsin. Menek\u015fenin mavisinde ya\u015fayan\u0131ms\u0131n, Ya\u015fad\u0131k\u00e7a mavile\u015fen birici\u011fimsin. &nbsp; &nbsp; &nbsp; &nbsp; &nbsp; &nbsp; &nbsp; &nbsp; &nbsp; &nbsp; &nbsp; 23.12.2023<\/p>\n","protected":false},"author":1,"featured_media":0,"comment_status":"open","ping_status":"open","sticky":false,"template":"","format":"standard","meta":{"footnotes":""},"categories":[8],"tags":[],"class_list":["post-102","post","type-post","status-publish","format-standard","hentry","category-lirik-siir"],"_links":{"self":[{"href":"https:\/\/celalyildirim.com\/index.php\/wp-json\/wp\/v2\/posts\/102","targetHints":{"allow":["GET"]}}],"collection":[{"href":"https:\/\/celalyildirim.com\/index.php\/wp-json\/wp\/v2\/posts"}],"about":[{"href":"https:\/\/celalyildirim.com\/index.php\/wp-json\/wp\/v2\/types\/post"}],"author":[{"embeddable":true,"href":"https:\/\/celalyildirim.com\/index.php\/wp-json\/wp\/v2\/users\/1"}],"replies":[{"embeddable":true,"href":"https:\/\/celalyildirim.com\/index.php\/wp-json\/wp\/v2\/comments?post=102"}],"version-history":[{"count":2,"href":"https:\/\/celalyildirim.com\/index.php\/wp-json\/wp\/v2\/posts\/102\/revisions"}],"predecessor-version":[{"id":734,"href":"https:\/\/celalyildirim.com\/index.php\/wp-json\/wp\/v2\/posts\/102\/revisions\/734"}],"wp:attachment":[{"href":"https:\/\/celalyildirim.com\/index.php\/wp-json\/wp\/v2\/media?parent=102"}],"wp:term":[{"taxonomy":"category","embeddable":true,"href":"https:\/\/celalyildirim.com\/index.php\/wp-json\/wp\/v2\/categories?post=102"},{"taxonomy":"post_tag","embeddable":true,"href":"https:\/\/celalyildirim.com\/index.php\/wp-json\/wp\/v2\/tags?post=102"}],"curies":[{"name":"wp","href":"https:\/\/api.w.org\/{rel}","templated":true}]}}