{"id":110,"date":"2025-05-11T12:54:17","date_gmt":"2025-05-11T09:54:17","guid":{"rendered":"https:\/\/celalyildirim.com\/?p=110"},"modified":"2025-05-18T18:59:26","modified_gmt":"2025-05-18T15:59:26","slug":"sensizlik","status":"publish","type":"post","link":"https:\/\/celalyildirim.com\/index.php\/2025\/05\/11\/sensizlik\/","title":{"rendered":"Sensizlik"},"content":{"rendered":"\n<p>Sessizli\u011fin&nbsp; bir anda sarar i\u00e7imi<\/p>\n\n\n\n<p>Y\u00fcre\u011fim alev alev yanar<\/p>\n\n\n\n<p>Kar\u015f\u0131mda Gongulik Da\u011f\u0131,S\u00fctl\u00fcbulak sensiz<\/p>\n\n\n\n<p>Sensizlik kara sevdaya d\u00f6ner<\/p>\n\n\n\n<p>Seni and\u0131k\u00e7a<\/p>\n\n\n\n<p>Sinemin \u00fcst\u00fcnde ye\u015fil hareler<\/p>\n\n\n\n<p>Olur<\/p>\n\n\n\n<p>K\u00f6rsu deresi menderes yaparak,akar sensiz ve sessiz<\/p>\n\n\n\n<p>K\u0131y\u0131s\u0131nda \u00e7ak\u0131l ta\u015flar\u0131,kum tepeleri<\/p>\n\n\n\n<p>\u00c7al\u0131lar\u0131n aras\u0131ndan ibibik ku\u015fu yar\u0131n\u0131 mu\u015ftular<\/p>\n\n\n\n<p>Sessizli\u011fin bir anda koybolur<\/p>\n\n\n\n<p>Bulutlar \u00e7ekilir,Bilican&#8217;\u0131n \u00fcst\u00fcnden<\/p>\n\n\n\n<p>\u015eorg\u00f6lde ,kapl\u0131calarda<\/p>\n\n\n\n<p>Baloncuklar yaparak su y\u00fcz\u00fcne \u00e7\u0131kar<\/p>\n\n\n\n<p>Bak\u0131r ve g\u00fcm\u00fc\u015f parlakl\u0131\u011f\u0131yla<\/p>\n\n\n\n<p>I\u015f\u0131k sa\u00e7arak.<\/p>\n\n\n\n<p>&nbsp; &nbsp; &nbsp; &nbsp; &nbsp; &nbsp; &nbsp;11.06.2022<\/p>\n\n\n\n<p>&nbsp; &nbsp; &nbsp; &nbsp; &nbsp; Celal&nbsp; Y\u0131ld\u0131r\u0131m<\/p>\n","protected":false},"excerpt":{"rendered":"<p>Sessizli\u011fin&nbsp; bir anda sarar i\u00e7imi Y\u00fcre\u011fim alev alev yanar Kar\u015f\u0131mda Gongulik Da\u011f\u0131,S\u00fctl\u00fcbulak sensiz Sensizlik kara sevdaya d\u00f6ner Seni and\u0131k\u00e7a Sinemin \u00fcst\u00fcnde ye\u015fil hareler Olur K\u00f6rsu deresi menderes yaparak,akar sensiz ve sessiz K\u0131y\u0131s\u0131nda \u00e7ak\u0131l ta\u015flar\u0131,kum tepeleri \u00c7al\u0131lar\u0131n aras\u0131ndan ibibik ku\u015fu yar\u0131n\u0131 mu\u015ftular Sessizli\u011fin bir anda koybolur Bulutlar \u00e7ekilir,Bilican&#8217;\u0131n \u00fcst\u00fcnden \u015eorg\u00f6lde ,kapl\u0131calarda Baloncuklar yaparak su y\u00fcz\u00fcne \u00e7\u0131kar [&hellip;]<\/p>\n","protected":false},"author":1,"featured_media":0,"comment_status":"open","ping_status":"open","sticky":false,"template":"","format":"standard","meta":{"footnotes":""},"categories":[16],"tags":[],"class_list":["post-110","post","type-post","status-publish","format-standard","hentry","category-pastoral-siir"],"_links":{"self":[{"href":"https:\/\/celalyildirim.com\/index.php\/wp-json\/wp\/v2\/posts\/110","targetHints":{"allow":["GET"]}}],"collection":[{"href":"https:\/\/celalyildirim.com\/index.php\/wp-json\/wp\/v2\/posts"}],"about":[{"href":"https:\/\/celalyildirim.com\/index.php\/wp-json\/wp\/v2\/types\/post"}],"author":[{"embeddable":true,"href":"https:\/\/celalyildirim.com\/index.php\/wp-json\/wp\/v2\/users\/1"}],"replies":[{"embeddable":true,"href":"https:\/\/celalyildirim.com\/index.php\/wp-json\/wp\/v2\/comments?post=110"}],"version-history":[{"count":2,"href":"https:\/\/celalyildirim.com\/index.php\/wp-json\/wp\/v2\/posts\/110\/revisions"}],"predecessor-version":[{"id":764,"href":"https:\/\/celalyildirim.com\/index.php\/wp-json\/wp\/v2\/posts\/110\/revisions\/764"}],"wp:attachment":[{"href":"https:\/\/celalyildirim.com\/index.php\/wp-json\/wp\/v2\/media?parent=110"}],"wp:term":[{"taxonomy":"category","embeddable":true,"href":"https:\/\/celalyildirim.com\/index.php\/wp-json\/wp\/v2\/categories?post=110"},{"taxonomy":"post_tag","embeddable":true,"href":"https:\/\/celalyildirim.com\/index.php\/wp-json\/wp\/v2\/tags?post=110"}],"curies":[{"name":"wp","href":"https:\/\/api.w.org\/{rel}","templated":true}]}}