{"id":116,"date":"2025-05-14T22:09:01","date_gmt":"2025-05-14T19:09:01","guid":{"rendered":"https:\/\/celalyildirim.com\/?p=116"},"modified":"2025-06-28T22:14:14","modified_gmt":"2025-06-28T19:14:14","slug":"kumsalin-senfonisi","status":"publish","type":"post","link":"https:\/\/celalyildirim.com\/index.php\/2025\/05\/14\/kumsalin-senfonisi\/","title":{"rendered":"Kumsal\u0131n Senfonisi"},"content":{"rendered":"\n<p class=\"has-accent-4-background-color has-background\">Kumsal\u0131n Senfonisi<\/p>\n\n\n\n<p>Kumsalda bir kad\u0131n<\/p>\n\n\n\n<p>Sere serpe uzanm\u0131\u015f.<\/p>\n\n\n\n<p>Sessiz ve sakin.<\/p>\n\n\n\n<p>Serin esen yel tenini yal\u0131yor.<\/p>\n\n\n\n<p>Kad\u0131n dalg\u0131n ve d\u00fc\u015f\u00fcnceli.<\/p>\n\n\n\n<p>G\u00fcne\u015f da\u011f\u0131n ard\u0131na d\u00fc\u015fm\u00fc\u015f<\/p>\n\n\n\n<p>K\u0131z\u0131ll\u0131\u011f\u0131 g\u00f6ky\u00fcz\u00fcne ok atar gibi<\/p>\n\n\n\n<p>Denizde bal\u0131klar k\u0131m\u0131l k\u0131m\u0131l<\/p>\n\n\n\n<p>Dalgalar \u00e7ak\u0131l ta\u015flar\u0131n\u0131&nbsp;<\/p>\n\n\n\n<p>Kumsala s\u00fcr\u00fckl\u00fcyor.<\/p>\n\n\n\n<p>Ay \u0131\u015f\u0131\u011f\u0131 dalgalarla dansta<\/p>\n\n\n\n<p>Kumsal\u0131n senfonisi<\/p>\n\n\n\n<p>Kad\u0131n\u0131n kulaklar\u0131nda<\/p>\n\n\n\n<p>H\u0131\u015f\u0131r h\u0131\u015f\u0131r<\/p>\n\n\n\n<p>Gurbetteki kad\u0131n<\/p>\n\n\n\n<p>Dalg\u0131n ve d\u00fc\u015f\u00fcnceli.<\/p>\n\n\n\n<p>               Celal Y\u0131ld\u0131r\u0131m<\/p>\n","protected":false},"excerpt":{"rendered":"<p>Kumsal\u0131n Senfonisi Kumsalda bir kad\u0131n Sere serpe uzanm\u0131\u015f. Sessiz ve sakin. Serin esen yel tenini yal\u0131yor. Kad\u0131n dalg\u0131n ve d\u00fc\u015f\u00fcnceli. G\u00fcne\u015f da\u011f\u0131n ard\u0131na d\u00fc\u015fm\u00fc\u015f K\u0131z\u0131ll\u0131\u011f\u0131 g\u00f6ky\u00fcz\u00fcne ok atar gibi Denizde bal\u0131klar k\u0131m\u0131l k\u0131m\u0131l Dalgalar \u00e7ak\u0131l ta\u015flar\u0131n\u0131&nbsp; Kumsala s\u00fcr\u00fckl\u00fcyor. Ay \u0131\u015f\u0131\u011f\u0131 dalgalarla dansta Kumsal\u0131n senfonisi Kad\u0131n\u0131n kulaklar\u0131nda H\u0131\u015f\u0131r h\u0131\u015f\u0131r Gurbetteki kad\u0131n Dalg\u0131n ve d\u00fc\u015f\u00fcnceli. Celal Y\u0131ld\u0131r\u0131m<\/p>\n","protected":false},"author":1,"featured_media":0,"comment_status":"open","ping_status":"open","sticky":false,"template":"","format":"standard","meta":{"footnotes":""},"categories":[8],"tags":[],"class_list":["post-116","post","type-post","status-publish","format-standard","hentry","category-lirik-siir"],"_links":{"self":[{"href":"https:\/\/celalyildirim.com\/index.php\/wp-json\/wp\/v2\/posts\/116","targetHints":{"allow":["GET"]}}],"collection":[{"href":"https:\/\/celalyildirim.com\/index.php\/wp-json\/wp\/v2\/posts"}],"about":[{"href":"https:\/\/celalyildirim.com\/index.php\/wp-json\/wp\/v2\/types\/post"}],"author":[{"embeddable":true,"href":"https:\/\/celalyildirim.com\/index.php\/wp-json\/wp\/v2\/users\/1"}],"replies":[{"embeddable":true,"href":"https:\/\/celalyildirim.com\/index.php\/wp-json\/wp\/v2\/comments?post=116"}],"version-history":[{"count":4,"href":"https:\/\/celalyildirim.com\/index.php\/wp-json\/wp\/v2\/posts\/116\/revisions"}],"predecessor-version":[{"id":1036,"href":"https:\/\/celalyildirim.com\/index.php\/wp-json\/wp\/v2\/posts\/116\/revisions\/1036"}],"wp:attachment":[{"href":"https:\/\/celalyildirim.com\/index.php\/wp-json\/wp\/v2\/media?parent=116"}],"wp:term":[{"taxonomy":"category","embeddable":true,"href":"https:\/\/celalyildirim.com\/index.php\/wp-json\/wp\/v2\/categories?post=116"},{"taxonomy":"post_tag","embeddable":true,"href":"https:\/\/celalyildirim.com\/index.php\/wp-json\/wp\/v2\/tags?post=116"}],"curies":[{"name":"wp","href":"https:\/\/api.w.org\/{rel}","templated":true}]}}