{"id":168,"date":"2025-02-16T16:17:38","date_gmt":"2025-02-16T13:17:38","guid":{"rendered":"https:\/\/celalyildirim.com\/?p=168"},"modified":"2025-05-17T22:11:17","modified_gmt":"2025-05-17T19:11:17","slug":"seher-vakti","status":"publish","type":"post","link":"https:\/\/celalyildirim.com\/index.php\/2025\/02\/16\/seher-vakti\/","title":{"rendered":"Seher  Vakti"},"content":{"rendered":"\n<p>G\u00fcne\u015f,gecenin sessiz karanl\u0131\u011f\u0131n\u0131 bozmu\u015ftu.<\/p>\n\n\n\n<p>Tepenin ard\u0131ndan ,geceyi yolculamaya \u00e7al\u0131\u015f\u0131yordu.<\/p>\n\n\n\n<p>Gececi kahvecinin \u00e7aylar\u0131nin demi k\u0131z\u0131la \u00e7al\u0131yor.<\/p>\n\n\n\n<p>Sokak ba\u015f\u0131ndaki f\u0131r\u0131ndan buram buram ekmek kokusu ,bir ba\u015fka g\u00fczel<\/p>\n\n\n\n<p>Dolmu\u015flar\u0131n ilk seferiydi.Sokaktaki sessizli\u011fi bozan.<\/p>\n\n\n\n<p>Simit\u00e7iler k\u00f6\u015fe ba\u015flar\u0131n\u0131 tutmu\u015f,ilk m\u00fc\u015fterilerini bekliyor.<\/p>\n\n\n\n<p>\u0130\u015fte bizim burada seher vakti b\u00f6yledir.<\/p>\n\n\n\n<p>Kahveci \u00e7aylar\u0131m\u0131z\u0131 doldur.<\/p>\n\n\n\n<p>Sabah kahvalt\u0131m\u0131z i\u00e7in.<\/p>\n\n\n\n<p>S\u0131cak somun kokusu,bir dilim ekmek,bir de zeytinimiz var.<\/p>\n\n\n\n<p>Deyme keyfimize,seher vaktidir.<\/p>\n\n\n\n<p>&nbsp; &nbsp; &nbsp; &nbsp; &nbsp; &nbsp; &nbsp; &nbsp; 03.09.2021<\/p>\n\n\n\n<p>&nbsp; &nbsp; &nbsp; &nbsp; &nbsp; &nbsp; Celal&nbsp; Y\u0131ld\u0131r\u0131m<\/p>\n","protected":false},"excerpt":{"rendered":"<p>G\u00fcne\u015f,gecenin sessiz karanl\u0131\u011f\u0131n\u0131 bozmu\u015ftu. Tepenin ard\u0131ndan ,geceyi yolculamaya \u00e7al\u0131\u015f\u0131yordu. Gececi kahvecinin \u00e7aylar\u0131nin demi k\u0131z\u0131la \u00e7al\u0131yor. Sokak ba\u015f\u0131ndaki f\u0131r\u0131ndan buram buram ekmek kokusu ,bir ba\u015fka g\u00fczel Dolmu\u015flar\u0131n ilk seferiydi.Sokaktaki sessizli\u011fi bozan. Simit\u00e7iler k\u00f6\u015fe ba\u015flar\u0131n\u0131 tutmu\u015f,ilk m\u00fc\u015fterilerini bekliyor. \u0130\u015fte bizim burada seher vakti b\u00f6yledir. Kahveci \u00e7aylar\u0131m\u0131z\u0131 doldur. Sabah kahvalt\u0131m\u0131z i\u00e7in. S\u0131cak somun kokusu,bir dilim ekmek,bir de zeytinimiz [&hellip;]<\/p>\n","protected":false},"author":1,"featured_media":0,"comment_status":"open","ping_status":"open","sticky":false,"template":"","format":"standard","meta":{"footnotes":""},"categories":[19],"tags":[],"class_list":["post-168","post","type-post","status-publish","format-standard","hentry","category-toplumsal-siir"],"_links":{"self":[{"href":"https:\/\/celalyildirim.com\/index.php\/wp-json\/wp\/v2\/posts\/168","targetHints":{"allow":["GET"]}}],"collection":[{"href":"https:\/\/celalyildirim.com\/index.php\/wp-json\/wp\/v2\/posts"}],"about":[{"href":"https:\/\/celalyildirim.com\/index.php\/wp-json\/wp\/v2\/types\/post"}],"author":[{"embeddable":true,"href":"https:\/\/celalyildirim.com\/index.php\/wp-json\/wp\/v2\/users\/1"}],"replies":[{"embeddable":true,"href":"https:\/\/celalyildirim.com\/index.php\/wp-json\/wp\/v2\/comments?post=168"}],"version-history":[{"count":2,"href":"https:\/\/celalyildirim.com\/index.php\/wp-json\/wp\/v2\/posts\/168\/revisions"}],"predecessor-version":[{"id":718,"href":"https:\/\/celalyildirim.com\/index.php\/wp-json\/wp\/v2\/posts\/168\/revisions\/718"}],"wp:attachment":[{"href":"https:\/\/celalyildirim.com\/index.php\/wp-json\/wp\/v2\/media?parent=168"}],"wp:term":[{"taxonomy":"category","embeddable":true,"href":"https:\/\/celalyildirim.com\/index.php\/wp-json\/wp\/v2\/categories?post=168"},{"taxonomy":"post_tag","embeddable":true,"href":"https:\/\/celalyildirim.com\/index.php\/wp-json\/wp\/v2\/tags?post=168"}],"curies":[{"name":"wp","href":"https:\/\/api.w.org\/{rel}","templated":true}]}}