{"id":194,"date":"2025-02-16T16:29:51","date_gmt":"2025-02-16T13:29:51","guid":{"rendered":"https:\/\/celalyildirim.com\/?p=194"},"modified":"2025-05-17T21:59:31","modified_gmt":"2025-05-17T18:59:31","slug":"badem-agaci","status":"publish","type":"post","link":"https:\/\/celalyildirim.com\/index.php\/2025\/02\/16\/badem-agaci\/","title":{"rendered":"Badem  A\u011fac\u0131"},"content":{"rendered":"\n<p>Yine&nbsp; a\u00e7t\u0131 bembeyaz oya&nbsp; gibi \u00e7i\u00e7eklerini,<\/p>\n\n\n\n<p>Sert k\u0131\u015f\u0131n ard\u0131ndan sab\u0131rs\u0131zd\u0131r ilkbahar\u0131 mu\u015ftulamaya,<\/p>\n\n\n\n<p>\u00c7i\u00e7eklerini a\u00e7t\u0131 m\u0131,bah\u00e7eleri s\u00fcsler beyaz gelinli\u011fini&nbsp; giymi\u015f gibi,<\/p>\n\n\n\n<p>Hele bir \u0131l\u0131k ve g\u00fcne\u015fli g\u00fcn g\u00f6rs\u00fcn,<\/p>\n\n\n\n<p>A\u00e7\u0131verir \u00e7i\u00e7eklerini hemencecik.<\/p>\n\n\n\n<p>Ani mart so\u011fu\u011funu g\u00f6rd\u00fc m\u00fc k\u00fcser ilkbahara ,<\/p>\n\n\n\n<p>meyve vermez.<\/p>\n\n\n\n<p>Il\u0131k g\u00fcne\u015fli g\u00fcnde \u00e7a\u011flaya durur \u00e7i\u00e7ekleri,<\/p>\n\n\n\n<p>\u0130lkbahar\u0131n ilk meyvesi olur,<\/p>\n\n\n\n<p>\u00c7a\u011flalar k\u0131t\u0131r k\u0131t\u0131r,al biraz sen de tad.<\/p>\n\n\n\n<p>Yaz gelince kurumu\u015f badem olur,<\/p>\n\n\n\n<p>Uzun k\u0131\u015f gecelerinde e\u011flencelik.<\/p>\n\n\n\n<p>&nbsp; &nbsp; &nbsp; 02.03.2021&nbsp; Celal Y\u0131ld\u0131r\u0131m<\/p>\n","protected":false},"excerpt":{"rendered":"<p>Yine&nbsp; a\u00e7t\u0131 bembeyaz oya&nbsp; gibi \u00e7i\u00e7eklerini, Sert k\u0131\u015f\u0131n ard\u0131ndan sab\u0131rs\u0131zd\u0131r ilkbahar\u0131 mu\u015ftulamaya, \u00c7i\u00e7eklerini a\u00e7t\u0131 m\u0131,bah\u00e7eleri s\u00fcsler beyaz gelinli\u011fini&nbsp; giymi\u015f gibi, Hele bir \u0131l\u0131k ve g\u00fcne\u015fli g\u00fcn g\u00f6rs\u00fcn, A\u00e7\u0131verir \u00e7i\u00e7eklerini hemencecik. Ani mart so\u011fu\u011funu g\u00f6rd\u00fc m\u00fc k\u00fcser ilkbahara , meyve vermez. Il\u0131k g\u00fcne\u015fli g\u00fcnde \u00e7a\u011flaya durur \u00e7i\u00e7ekleri, \u0130lkbahar\u0131n ilk meyvesi olur, \u00c7a\u011flalar k\u0131t\u0131r k\u0131t\u0131r,al biraz sen [&hellip;]<\/p>\n","protected":false},"author":1,"featured_media":0,"comment_status":"open","ping_status":"open","sticky":false,"template":"","format":"standard","meta":{"footnotes":""},"categories":[11],"tags":[],"class_list":["post-194","post","type-post","status-publish","format-standard","hentry","category-cocuk-siirleri"],"_links":{"self":[{"href":"https:\/\/celalyildirim.com\/index.php\/wp-json\/wp\/v2\/posts\/194","targetHints":{"allow":["GET"]}}],"collection":[{"href":"https:\/\/celalyildirim.com\/index.php\/wp-json\/wp\/v2\/posts"}],"about":[{"href":"https:\/\/celalyildirim.com\/index.php\/wp-json\/wp\/v2\/types\/post"}],"author":[{"embeddable":true,"href":"https:\/\/celalyildirim.com\/index.php\/wp-json\/wp\/v2\/users\/1"}],"replies":[{"embeddable":true,"href":"https:\/\/celalyildirim.com\/index.php\/wp-json\/wp\/v2\/comments?post=194"}],"version-history":[{"count":2,"href":"https:\/\/celalyildirim.com\/index.php\/wp-json\/wp\/v2\/posts\/194\/revisions"}],"predecessor-version":[{"id":705,"href":"https:\/\/celalyildirim.com\/index.php\/wp-json\/wp\/v2\/posts\/194\/revisions\/705"}],"wp:attachment":[{"href":"https:\/\/celalyildirim.com\/index.php\/wp-json\/wp\/v2\/media?parent=194"}],"wp:term":[{"taxonomy":"category","embeddable":true,"href":"https:\/\/celalyildirim.com\/index.php\/wp-json\/wp\/v2\/categories?post=194"},{"taxonomy":"post_tag","embeddable":true,"href":"https:\/\/celalyildirim.com\/index.php\/wp-json\/wp\/v2\/tags?post=194"}],"curies":[{"name":"wp","href":"https:\/\/api.w.org\/{rel}","templated":true}]}}