{"id":234,"date":"2025-02-16T16:52:51","date_gmt":"2025-02-16T13:52:51","guid":{"rendered":"https:\/\/celalyildirim.com\/?p=234"},"modified":"2025-05-17T21:44:37","modified_gmt":"2025-05-17T18:44:37","slug":"bulut-olsam","status":"publish","type":"post","link":"https:\/\/celalyildirim.com\/index.php\/2025\/02\/16\/bulut-olsam\/","title":{"rendered":"Bulut  Olsam"},"content":{"rendered":"\n<p>Bir bulut olsam,kar&nbsp; beyaz\u0131, pamuk topa\u011f\u0131 gibi.<\/p>\n\n\n\n<p>Hafif esen r\u00fczgarla diyar diyar dola\u015fsam ,Anadoluyu.<\/p>\n\n\n\n<p>G\u00f6ky\u00fcz\u00fcnden d\u00f6rt bir yan\u0131n\u0131 izlesem.<\/p>\n\n\n\n<p>Ya\u011fmur y\u00fckl\u00fc, kara bir bulut olsam.<\/p>\n\n\n\n<p>Bereketli topraklara sa\u011fanak ya\u011fmur olarak d\u00fc\u015fsem.<\/p>\n\n\n\n<p>Sular\u0131 \u00e7ekilmi\u015f g\u00f6llere,kurumu\u015f derelere aksam.<\/p>\n\n\n\n<p>Tarlalar\u0131nda ekinler b\u00fcy\u00fcse, alt\u0131n sar\u0131s\u0131.&nbsp;<\/p>\n\n\n\n<p>Elektrik y\u00fckl\u00fc,bir y\u0131ld\u0131r\u0131m olsam.<\/p>\n\n\n\n<p>Yurdumdaki k\u00f6t\u00fcl\u00fcklere,<\/p>\n\n\n\n<p>\u015eim\u015fek gibi \u00e7aksam,<\/p>\n\n\n\n<p>I\u015f\u0131l \u0131\u015f\u0131l ayd\u0131nlatsam,d\u00f6rt bir yan\u0131n\u0131 memleketimin.&nbsp; &nbsp; 10.01.2021<\/p>\n\n\n\n<p>&nbsp; &nbsp; &nbsp; &nbsp; &nbsp; &nbsp; &nbsp; &nbsp; &nbsp; Celal Y\u0131ld\u0131r\u0131m<\/p>\n","protected":false},"excerpt":{"rendered":"<p>Bir bulut olsam,kar&nbsp; beyaz\u0131, pamuk topa\u011f\u0131 gibi. Hafif esen r\u00fczgarla diyar diyar dola\u015fsam ,Anadoluyu. G\u00f6ky\u00fcz\u00fcnden d\u00f6rt bir yan\u0131n\u0131 izlesem. Ya\u011fmur y\u00fckl\u00fc, kara bir bulut olsam. Bereketli topraklara sa\u011fanak ya\u011fmur olarak d\u00fc\u015fsem. Sular\u0131 \u00e7ekilmi\u015f g\u00f6llere,kurumu\u015f derelere aksam. Tarlalar\u0131nda ekinler b\u00fcy\u00fcse, alt\u0131n sar\u0131s\u0131.&nbsp; Elektrik y\u00fckl\u00fc,bir y\u0131ld\u0131r\u0131m olsam. Yurdumdaki k\u00f6t\u00fcl\u00fcklere, \u015eim\u015fek gibi \u00e7aksam, I\u015f\u0131l \u0131\u015f\u0131l ayd\u0131nlatsam,d\u00f6rt bir yan\u0131n\u0131 [&hellip;]<\/p>\n","protected":false},"author":1,"featured_media":0,"comment_status":"open","ping_status":"open","sticky":false,"template":"","format":"standard","meta":{"footnotes":""},"categories":[8],"tags":[],"class_list":["post-234","post","type-post","status-publish","format-standard","hentry","category-lirik-siir"],"_links":{"self":[{"href":"https:\/\/celalyildirim.com\/index.php\/wp-json\/wp\/v2\/posts\/234","targetHints":{"allow":["GET"]}}],"collection":[{"href":"https:\/\/celalyildirim.com\/index.php\/wp-json\/wp\/v2\/posts"}],"about":[{"href":"https:\/\/celalyildirim.com\/index.php\/wp-json\/wp\/v2\/types\/post"}],"author":[{"embeddable":true,"href":"https:\/\/celalyildirim.com\/index.php\/wp-json\/wp\/v2\/users\/1"}],"replies":[{"embeddable":true,"href":"https:\/\/celalyildirim.com\/index.php\/wp-json\/wp\/v2\/comments?post=234"}],"version-history":[{"count":2,"href":"https:\/\/celalyildirim.com\/index.php\/wp-json\/wp\/v2\/posts\/234\/revisions"}],"predecessor-version":[{"id":685,"href":"https:\/\/celalyildirim.com\/index.php\/wp-json\/wp\/v2\/posts\/234\/revisions\/685"}],"wp:attachment":[{"href":"https:\/\/celalyildirim.com\/index.php\/wp-json\/wp\/v2\/media?parent=234"}],"wp:term":[{"taxonomy":"category","embeddable":true,"href":"https:\/\/celalyildirim.com\/index.php\/wp-json\/wp\/v2\/categories?post=234"},{"taxonomy":"post_tag","embeddable":true,"href":"https:\/\/celalyildirim.com\/index.php\/wp-json\/wp\/v2\/tags?post=234"}],"curies":[{"name":"wp","href":"https:\/\/api.w.org\/{rel}","templated":true}]}}