{"id":268,"date":"2025-02-16T17:17:02","date_gmt":"2025-02-16T14:17:02","guid":{"rendered":"https:\/\/celalyildirim.com\/?p=268"},"modified":"2025-05-17T21:26:56","modified_gmt":"2025-05-17T18:26:56","slug":"neoliberalizm-ve-covid-19","status":"publish","type":"post","link":"https:\/\/celalyildirim.com\/index.php\/2025\/02\/16\/neoliberalizm-ve-covid-19\/","title":{"rendered":"Neoliberalizm Ve Covid -19"},"content":{"rendered":"\n<p>&nbsp;&nbsp; &nbsp; &nbsp; &nbsp; \u00c7in&#8217;de 2019 y\u0131l\u0131n\u0131n son \u00e7eyre\u011finde g\u00f6r\u00fclen corona vir\u00fcs pandemisi&nbsp; \u00c7in Sa\u011fl\u0131k Bakanl\u0131\u011f\u0131n\u0131 zor duruma d\u00fc\u015f\u00fcrd\u00fc.Covid-19 vir\u00fcs\u00fc ile sava\u015fmak \u00e7ok da kolay olmam\u0131\u015ft\u0131.Pandemiye haz\u0131rl\u0131ks\u0131z yakalanan \u00c7in&nbsp; yetkilileri<br>sa\u011fl\u0131k \u00e7al\u0131\u015fanlar\u0131n\u0131n amans\u0131z m\u00fccadelesi ile bir\u00e7ok can kay\u0131b\u0131 vererek bu pandemiden bir nebze olsa kurtulmu\u015f oldular.<br>&nbsp; &nbsp; &nbsp; &nbsp; &nbsp;K\u00fcresel d\u00fcnya \u015fartlar\u0131 ve insanlar\u0131n s\u00fcrekli yer k\u00fcre \u00fczerinde mobilize olmas\u0131 nedeniyle,\u00c7in deki covid-19 vir\u00fcs\u00fc t\u00fcm d\u00fcnya da pandemi halini alm\u0131\u015f oldu.\u00c7in &#8216;den \u0130ran&#8217; a,\u0130ran dan \u0130talya&#8217; ya derken b\u00fct\u00fcn k\u0131ta Avrupa&#8217;s\u0131na yay\u0131ld\u0131.Ard\u0131ndan Afrika k\u0131tas\u0131na derken d\u00fcnyada yakla\u015f\u0131k 200 \u00fclkede pademi vakas\u0131 g\u00f6r\u00fclmeye ba\u015fland\u0131.Beraberinde binlerce can kayb\u0131.<\/p>\n\n\n\n<blockquote class=\"wp-block-quote is-layout-flow wp-block-quote-is-layout-flow\">\n<p>&nbsp; &nbsp; &nbsp; &nbsp; &nbsp;Y\u0131llard\u0131r s\u00fcrd\u00fcr\u00fclen neoliberal poltikalar sonucunda devletlerin&nbsp; sosyal devlet ilkesinden uzakla\u015farak sa\u011fl\u0131kta \u00f6zelle\u015ftirme politikalar\u0131 sonucunda devletin olan sa\u011fl\u0131k kurulu\u015flar\u0131 zamanla \u00f6zel sekt\u00f6r\u00fcn oldu.Bu durum devletlerin pandemi krizinde elini kolunu ba\u011flad\u0131.Bir\u00e7ok hasta hastanelerde yer bulamad\u0131.Baz\u0131lar\u0131 yo\u011fun bak\u0131mlarda yer bulamad\u0131.Ayr\u0131ca sa\u011fl\u0131k\u00e7\u0131lar\u0131n kullanmas\u0131 zorunlu olan siperlik,maske ,ventilat\u00f6r,&nbsp; N &#8211; 95 maske gibi bir\u00e7ok malzemenin de yoklu\u011funa rastland\u0131.Tabii ki d\u00fcnya krize haz\u0131rl\u0131ks\u0131z yakalanm\u0131\u015ft\u0131.<\/p>\n<\/blockquote>\n\n\n\n<p>&nbsp; &nbsp; &nbsp; &nbsp; Haz\u0131rl\u0131ks\u0131z yakalanan \u00fclkeler yo\u011fun can kay\u0131plar\u0131 vererek pandemi ile m\u00fccadele etmeye \u00e7al\u0131\u015ft\u0131lar.Mezarl\u0131klarda toplu cenaze definleri yap\u0131ld\u0131.\u00d6\u011fle oldu ki \u00fclkelerin \u00e7o\u011funlu\u011fu soka\u011fa \u00e7\u0131kma yasaklar\u0131 koydular.Zaman\u0131nda bir\u00e7ok \u00fclke milyarlarca dolarlar\u0131 silahlanmaya yat\u0131rd\u0131.Sa\u011fl\u0131\u011fa yat\u0131r\u0131lmas\u0131 gereken paralar silahlara yat\u0131r\u0131ld\u0131.O modern f\u00fczeler,toplar,tanklar,dronlar,u\u00e7aklar corona vir\u00fcs\u00fc kar\u015f\u0131s\u0131nda \u00e7aresiz kald\u0131lar.D\u00fcnyan\u0131n s\u00fcper g\u00fcc\u00fc ABD basit maskelere muhta\u00e7 duruma d\u00fc\u015ft\u00fc.<br>&nbsp; &nbsp; &nbsp; &nbsp; &nbsp;Peki ne yapmal\u0131 ki art\u0131k k\u00fcresel pandemi krizlerinden \u00e7\u0131k\u0131\u015f yolu bulmal\u0131 ? \u0130nsanl\u0131k fabrika ayarlar\u0131na &#8216; Makul Olabilirlik&#8217; olmas\u0131 gereken Kamucu devlet politikalar\u0131na sil ba\u015ftan ba\u015flamal\u0131.H\u0131zla sa\u011fl\u0131k politikalar\u0131n\u0131 ; merkeze insan\u0131 koyarak ele al\u0131nmal\u0131d\u0131r.Di\u011fer t\u00fcrl\u00fc bu neoliberal politikalar insan\u0131n,\u00e7evrenin,do\u011fan\u0131n sonunu getirebilir.<br>&nbsp; &nbsp; &nbsp; &nbsp; Bu ya\u015fad\u0131klar\u0131m\u0131z, at\u0131lan her ad\u0131mda kar amac\u0131 g\u00fcden,vah\u015fi kapitalizmin sonu\u00e7lar\u0131d\u0131r.Her k\u00f6\u015fe ba\u015f\u0131na bir AVM \u00e7ok katl\u0131 binalar,yap\u0131lan \u00e7al\u0131\u015fmalar insan ve \u00e7evreden uzak.\u015eimdi o \u00e7ok katl\u0131 binalar avmler bu pandemi kar\u015f\u0131s\u0131nda onu yapanlar\u0131 \u00e7aresiz b\u0131rakt\u0131.<br>&nbsp; &nbsp; &nbsp; &nbsp; &nbsp;Ayr\u0131ca izlenen tar\u0131m politikalar\u0131 da yiyecek bulmada \u00fclkeleri s\u0131k\u0131nt\u0131ya sokabilir.Her \u00fclke kendi \u00e7if\u00e7isini desteklemeli mazot,yem,pazarlama,gelir deste\u011fi gibi kalemlerde \u00e7ok ge\u00e7 kalmadan \u00e7are \u00fcretmelidir.Binalar\u0131n,silahlar\u0131n insan\u0131 ya\u015fatmada de\u011fil yok etmede yerlerinin oldu\u011fu anla\u015f\u0131ld\u0131.<br>&nbsp; &nbsp; &nbsp; &nbsp; &nbsp;Tez elden bu vah\u015fi kapitalizmin uygulamalar\u0131na d\u00fcnyaca son vermeli.\u0130nsan oldu\u011fumuzun fark\u0131na var\u0131lmal\u0131.Ki\u015filer olarak bencil yap\u0131m\u0131zdan vaz ge\u00e7meli,g\u00fcn\u00fc ya\u015faman\u0131n \u00f6nemini kavramal\u0131.Devletler de insan\u0131n\u0131 ya\u015fatmak i\u00e7in silahlara ,betonlara de\u011fil insan\u0131 \u00f6nce le\u011fen daha h\u00fcmanist; \u00fcretim,e\u015fit payla\u015f\u0131m temelli fabrika ayarlar\u0131na,&nbsp; Toplumcu, Sosyal ,Demokratik bir devlet yap\u0131s\u0131na vakit kaybetmeden ge\u00e7meliyiz.<br>&nbsp; &nbsp; &nbsp; &nbsp; &nbsp; &nbsp; &nbsp; &nbsp; &nbsp; &nbsp; &nbsp; &nbsp; &nbsp; &nbsp; &nbsp; &nbsp; &nbsp; &nbsp; &nbsp; &nbsp; &nbsp; &nbsp; &nbsp; &nbsp; &nbsp; &nbsp; &nbsp; &nbsp; &nbsp;07.04.2020&nbsp; &nbsp; &nbsp; &nbsp; &nbsp; &nbsp; &nbsp; &nbsp; &nbsp; &nbsp; &nbsp; &nbsp;Celal Y\u0131ld\u0131r\u0131m<\/p>\n","protected":false},"excerpt":{"rendered":"<p>&nbsp;&nbsp; &nbsp; &nbsp; &nbsp; \u00c7in&#8217;de 2019 y\u0131l\u0131n\u0131n son \u00e7eyre\u011finde g\u00f6r\u00fclen corona vir\u00fcs pandemisi&nbsp; \u00c7in Sa\u011fl\u0131k Bakanl\u0131\u011f\u0131n\u0131 zor duruma d\u00fc\u015f\u00fcrd\u00fc.Covid-19 vir\u00fcs\u00fc ile sava\u015fmak \u00e7ok da kolay olmam\u0131\u015ft\u0131.Pandemiye haz\u0131rl\u0131ks\u0131z yakalanan \u00c7in&nbsp; yetkililerisa\u011fl\u0131k \u00e7al\u0131\u015fanlar\u0131n\u0131n amans\u0131z m\u00fccadelesi ile bir\u00e7ok can kay\u0131b\u0131 vererek bu pandemiden bir nebze olsa kurtulmu\u015f oldular.&nbsp; &nbsp; &nbsp; &nbsp; &nbsp;K\u00fcresel d\u00fcnya \u015fartlar\u0131 ve insanlar\u0131n s\u00fcrekli yer [&hellip;]<\/p>\n","protected":false},"author":1,"featured_media":0,"comment_status":"open","ping_status":"open","sticky":false,"template":"","format":"standard","meta":{"footnotes":""},"categories":[10],"tags":[],"class_list":["post-268","post","type-post","status-publish","format-standard","hentry","category-guncel-makale"],"_links":{"self":[{"href":"https:\/\/celalyildirim.com\/index.php\/wp-json\/wp\/v2\/posts\/268","targetHints":{"allow":["GET"]}}],"collection":[{"href":"https:\/\/celalyildirim.com\/index.php\/wp-json\/wp\/v2\/posts"}],"about":[{"href":"https:\/\/celalyildirim.com\/index.php\/wp-json\/wp\/v2\/types\/post"}],"author":[{"embeddable":true,"href":"https:\/\/celalyildirim.com\/index.php\/wp-json\/wp\/v2\/users\/1"}],"replies":[{"embeddable":true,"href":"https:\/\/celalyildirim.com\/index.php\/wp-json\/wp\/v2\/comments?post=268"}],"version-history":[{"count":2,"href":"https:\/\/celalyildirim.com\/index.php\/wp-json\/wp\/v2\/posts\/268\/revisions"}],"predecessor-version":[{"id":665,"href":"https:\/\/celalyildirim.com\/index.php\/wp-json\/wp\/v2\/posts\/268\/revisions\/665"}],"wp:attachment":[{"href":"https:\/\/celalyildirim.com\/index.php\/wp-json\/wp\/v2\/media?parent=268"}],"wp:term":[{"taxonomy":"category","embeddable":true,"href":"https:\/\/celalyildirim.com\/index.php\/wp-json\/wp\/v2\/categories?post=268"},{"taxonomy":"post_tag","embeddable":true,"href":"https:\/\/celalyildirim.com\/index.php\/wp-json\/wp\/v2\/tags?post=268"}],"curies":[{"name":"wp","href":"https:\/\/api.w.org\/{rel}","templated":true}]}}