{"id":272,"date":"2025-02-16T17:19:12","date_gmt":"2025-02-16T14:19:12","guid":{"rendered":"https:\/\/celalyildirim.com\/?p=272"},"modified":"2025-05-17T21:25:18","modified_gmt":"2025-05-17T18:25:18","slug":"covid-19","status":"publish","type":"post","link":"https:\/\/celalyildirim.com\/index.php\/2025\/02\/16\/covid-19\/","title":{"rendered":"Covid-19"},"content":{"rendered":"\n<p>Evde kal\u0131nca kendimize mi geldik?<br>Birlikte payla\u015farak her<br>\u015fey daha g\u00fczel<br>Yaln\u0131zl\u0131k \u00e7ok k\u00f6t\u00fc,nerede olsan da<br>Payla\u015f, ara, sor,hat\u0131rla, al ,ver<br>Evde kal\u0131nca ;<br>Yaln\u0131z olanlar\u0131<br>Yoksullar\u0131<br>Ya\u015fl\u0131lar\u0131<br>Bir nefes solumay\u0131<br>Y\u00fcr\u00fcmeyi<br>Oyun oynamay\u0131<br>Sinemaya gitmeyi<br>Mavi g\u00f6ky\u00fcz\u00fcn\u00fc,ye\u015fil do\u011fay\u0131<br>An\u0131 ya\u015famas\u0131n\u0131n \u00f6nemini<br>Bilimsel d\u00fc\u015f\u00fcnmesi gerekti\u011fini<br>Sonunda \u00f6zg\u00fcrl\u00fc\u011f\u00fcn\u00fc hat\u0131rlad\u0131 insan.<br>Covid-19 ile.\u00a0 \u00a0 \u00a0 \u00a0 \u00a0 \u00a0 \u00a0 \u00a0 \u00a0 \u00a0 \u00a0 \u00a0 \u00a0 \u00a0 22.03.2020<br>\u00a0 \u00a0 \u00a0 \u00a0 \u00a0 \u00a0 Celal Y\u0131ld\u0131r\u0131m\u00a0 \u00a0 \u00a0 \u00a0\u00a0<\/p>\n","protected":false},"excerpt":{"rendered":"<p>Evde kal\u0131nca kendimize mi geldik?Birlikte payla\u015farak her\u015fey daha g\u00fczelYaln\u0131zl\u0131k \u00e7ok k\u00f6t\u00fc,nerede olsan daPayla\u015f, ara, sor,hat\u0131rla, al ,verEvde kal\u0131nca ;Yaln\u0131z olanlar\u0131Yoksullar\u0131Ya\u015fl\u0131lar\u0131Bir nefes solumay\u0131Y\u00fcr\u00fcmeyiOyun oynamay\u0131Sinemaya gitmeyiMavi g\u00f6ky\u00fcz\u00fcn\u00fc,ye\u015fil do\u011fay\u0131An\u0131 ya\u015famas\u0131n\u0131n \u00f6neminiBilimsel d\u00fc\u015f\u00fcnmesi gerekti\u011finiSonunda \u00f6zg\u00fcrl\u00fc\u011f\u00fcn\u00fc hat\u0131rlad\u0131 insan.Covid-19 ile.\u00a0 \u00a0 \u00a0 \u00a0 \u00a0 \u00a0 \u00a0 \u00a0 \u00a0 \u00a0 \u00a0 \u00a0 \u00a0 \u00a0 22.03.2020\u00a0 \u00a0 \u00a0 \u00a0 \u00a0 \u00a0 Celal Y\u0131ld\u0131r\u0131m\u00a0 [&hellip;]<\/p>\n","protected":false},"author":1,"featured_media":0,"comment_status":"open","ping_status":"open","sticky":false,"template":"","format":"standard","meta":{"footnotes":""},"categories":[8],"tags":[],"class_list":["post-272","post","type-post","status-publish","format-standard","hentry","category-lirik-siir"],"_links":{"self":[{"href":"https:\/\/celalyildirim.com\/index.php\/wp-json\/wp\/v2\/posts\/272","targetHints":{"allow":["GET"]}}],"collection":[{"href":"https:\/\/celalyildirim.com\/index.php\/wp-json\/wp\/v2\/posts"}],"about":[{"href":"https:\/\/celalyildirim.com\/index.php\/wp-json\/wp\/v2\/types\/post"}],"author":[{"embeddable":true,"href":"https:\/\/celalyildirim.com\/index.php\/wp-json\/wp\/v2\/users\/1"}],"replies":[{"embeddable":true,"href":"https:\/\/celalyildirim.com\/index.php\/wp-json\/wp\/v2\/comments?post=272"}],"version-history":[{"count":2,"href":"https:\/\/celalyildirim.com\/index.php\/wp-json\/wp\/v2\/posts\/272\/revisions"}],"predecessor-version":[{"id":663,"href":"https:\/\/celalyildirim.com\/index.php\/wp-json\/wp\/v2\/posts\/272\/revisions\/663"}],"wp:attachment":[{"href":"https:\/\/celalyildirim.com\/index.php\/wp-json\/wp\/v2\/media?parent=272"}],"wp:term":[{"taxonomy":"category","embeddable":true,"href":"https:\/\/celalyildirim.com\/index.php\/wp-json\/wp\/v2\/categories?post=272"},{"taxonomy":"post_tag","embeddable":true,"href":"https:\/\/celalyildirim.com\/index.php\/wp-json\/wp\/v2\/tags?post=272"}],"curies":[{"name":"wp","href":"https:\/\/api.w.org\/{rel}","templated":true}]}}