{"id":278,"date":"2025-02-16T17:23:47","date_gmt":"2025-02-16T14:23:47","guid":{"rendered":"https:\/\/celalyildirim.com\/?p=278"},"modified":"2025-05-17T21:22:53","modified_gmt":"2025-05-17T18:22:53","slug":"ayrilik-2","status":"publish","type":"post","link":"https:\/\/celalyildirim.com\/index.php\/2025\/02\/16\/ayrilik-2\/","title":{"rendered":"Ayr\u0131l\u0131k"},"content":{"rendered":"\n<p>&nbsp; &nbsp; Al\u0131p ba\u015f\u0131n\u0131 gitmeli, ta\u015fmadan,<br>&nbsp; &nbsp; Ard\u0131nda, bir y\u0131\u011f\u0131n h\u00fcz\u00fcn,<br>&nbsp; &nbsp; Olsun, k\u0131r\u0131p d\u00f6kmeden gitmeli.<br>&nbsp; &nbsp; Ve ard\u0131na bakmadan, d\u00fc\u015f\u00fcnmeden,<\/p>\n\n\n\n<p>&nbsp; &nbsp; Yan\u0131ndakilere veda etmeden sessizce,<br>&nbsp; &nbsp; Kararl\u0131 vakur ve dingince gitmeli.<br>&nbsp; &nbsp; Bir yelkenlinin k\u0131y\u0131dan ayr\u0131lmas\u0131 gibi.<br>&nbsp; &nbsp; Usul usul r\u00fczgarda kayarak,<br><br>&nbsp; &nbsp;Gece g\u00f6ky\u00fcz\u00fcnde y\u0131ld\u0131zlarla ba\u015f ba\u015fa<br>&nbsp; &nbsp;Mavi&nbsp; Denizin kokusunu i\u00e7ine \u00e7ekerek<br>&nbsp; &nbsp;Yava\u015f yava\u015f denizin derinliklerine<br>&nbsp; &nbsp;Dalmal\u0131, dalmal\u0131,&nbsp; yeni d\u00fc\u015fler kurarak&#8230;<br><br>&nbsp; &nbsp; &nbsp; &nbsp; &nbsp; &nbsp; &nbsp; &nbsp; &nbsp; &nbsp; &nbsp; &nbsp; &nbsp; &nbsp; &nbsp; &nbsp; &nbsp; &nbsp; &nbsp; &nbsp; &nbsp; &nbsp; &nbsp; &nbsp; &nbsp; &nbsp; &nbsp; &nbsp; &nbsp; &nbsp; &nbsp; &nbsp; &nbsp; &nbsp; &nbsp; 30.04.2019<br><strong>&nbsp;&nbsp;Celal Y\u0131ld\u0131r\u0131m<\/strong><\/p>\n","protected":false},"excerpt":{"rendered":"<p>&nbsp; &nbsp; Al\u0131p ba\u015f\u0131n\u0131 gitmeli, ta\u015fmadan,&nbsp; &nbsp; Ard\u0131nda, bir y\u0131\u011f\u0131n h\u00fcz\u00fcn,&nbsp; &nbsp; Olsun, k\u0131r\u0131p d\u00f6kmeden gitmeli.&nbsp; &nbsp; Ve ard\u0131na bakmadan, d\u00fc\u015f\u00fcnmeden, &nbsp; &nbsp; Yan\u0131ndakilere veda etmeden sessizce,&nbsp; &nbsp; Kararl\u0131 vakur ve dingince gitmeli.&nbsp; &nbsp; Bir yelkenlinin k\u0131y\u0131dan ayr\u0131lmas\u0131 gibi.&nbsp; &nbsp; Usul usul r\u00fczgarda kayarak, &nbsp; &nbsp;Gece g\u00f6ky\u00fcz\u00fcnde y\u0131ld\u0131zlarla ba\u015f ba\u015fa&nbsp; &nbsp;Mavi&nbsp; Denizin kokusunu i\u00e7ine \u00e7ekerek&nbsp; [&hellip;]<\/p>\n","protected":false},"author":1,"featured_media":0,"comment_status":"open","ping_status":"open","sticky":false,"template":"","format":"standard","meta":{"footnotes":""},"categories":[8],"tags":[],"class_list":["post-278","post","type-post","status-publish","format-standard","hentry","category-lirik-siir"],"_links":{"self":[{"href":"https:\/\/celalyildirim.com\/index.php\/wp-json\/wp\/v2\/posts\/278","targetHints":{"allow":["GET"]}}],"collection":[{"href":"https:\/\/celalyildirim.com\/index.php\/wp-json\/wp\/v2\/posts"}],"about":[{"href":"https:\/\/celalyildirim.com\/index.php\/wp-json\/wp\/v2\/types\/post"}],"author":[{"embeddable":true,"href":"https:\/\/celalyildirim.com\/index.php\/wp-json\/wp\/v2\/users\/1"}],"replies":[{"embeddable":true,"href":"https:\/\/celalyildirim.com\/index.php\/wp-json\/wp\/v2\/comments?post=278"}],"version-history":[{"count":2,"href":"https:\/\/celalyildirim.com\/index.php\/wp-json\/wp\/v2\/posts\/278\/revisions"}],"predecessor-version":[{"id":660,"href":"https:\/\/celalyildirim.com\/index.php\/wp-json\/wp\/v2\/posts\/278\/revisions\/660"}],"wp:attachment":[{"href":"https:\/\/celalyildirim.com\/index.php\/wp-json\/wp\/v2\/media?parent=278"}],"wp:term":[{"taxonomy":"category","embeddable":true,"href":"https:\/\/celalyildirim.com\/index.php\/wp-json\/wp\/v2\/categories?post=278"},{"taxonomy":"post_tag","embeddable":true,"href":"https:\/\/celalyildirim.com\/index.php\/wp-json\/wp\/v2\/tags?post=278"}],"curies":[{"name":"wp","href":"https:\/\/api.w.org\/{rel}","templated":true}]}}