{"id":287,"date":"2025-02-16T17:37:20","date_gmt":"2025-02-16T14:37:20","guid":{"rendered":"https:\/\/celalyildirim.com\/?p=287"},"modified":"2025-05-17T21:19:34","modified_gmt":"2025-05-17T18:19:34","slug":"agiz-tadiyla-balik-yiyebilmek","status":"publish","type":"post","link":"https:\/\/celalyildirim.com\/index.php\/2025\/02\/16\/agiz-tadiyla-balik-yiyebilmek\/","title":{"rendered":"A\u011f\u0131z Tad\u0131yla Bal\u0131k Yiyebilmek"},"content":{"rendered":"\n<p>Bal\u0131k yeme\u011fi sevmeyenimiz bildi\u011fim kadar\u0131yla \u00e7ok azd\u0131r.Tabi ki do\u011fal ortam\u0131nda hayat bulmu\u015f bal\u0131ktan s\u00f6z ediyorum.\u015eimdi dersiniz ki denizlerimizde bal\u0131klar i\u00e7in do\u011fal ortam kald\u0131 m\u0131?Hakl\u0131 bir soru.<\/p>\n\n\n\n<p>Hep \u00f6vg\u00fcyle s\u00f6z ederiz \u00fc\u00e7 taraf\u0131 denizlerle \u00e7evrili bir yar\u0131m ada \u00fclkesi oldu\u011fumuzu.Co\u011frafi olarak \u00f6v\u00fcnmek hakk\u0131m\u0131z.Ama gel g\u00f6r ki,bu denizlerdeki \u00fcr\u00fcnlerden ne \u00f6l\u00e7\u00fcde yararlan\u0131yoruz.Oras\u0131 bir muamma.<\/p>\n\n\n\n<p>Denizlerimizin k\u0131y\u0131s\u0131ndaki yerle\u015fim birimlerinde kontrols\u00fcz n\u00fcfus art\u0131\u015f\u0131 ile birlikte ar\u0131tmadan denize b\u0131rak\u0131lan at\u0131k sular,kaba \u00e7\u00f6pler oradaki ekosistemi olumsuz etkileyerek deniz canl\u0131lar\u0131na zarar vermektedir.<\/p>\n\n\n\n<p>Yine k\u0131y\u0131 b\u00f6lgelerinde kurulan sanayi tesisleri,turizm i\u00e7in kurulan oteller at\u0131k sular\u0131n\u0131 yeterince denetlenmeden denize b\u0131rak\u0131lmas\u0131 ayn\u0131 olumsuzluklar\u0131 yaratmakta.<\/p>\n\n\n\n<p>Denizlerdeki eski gemilerle yap\u0131lan petrol ve kimyasal ta\u015f\u0131mac\u0131l\u0131\u011f\u0131nda denize s\u0131zan petrol ve kimyasallar deniz canl\u0131lar\u0131n\u0131 ya\u015fam alanlar\u0131n\u0131 kirletiyor.Bal\u0131klar bu ortamlarda \u00e7o\u011falamayarak nesli azalmaktad\u0131r.<\/p>\n\n\n\n<p>Mevsim d\u0131\u015f\u0131nda avlanma,avlama teknikleri,ve k\u00fc\u00e7\u00fck bal\u0131klar\u0131n avlanmas\u0131.Deniz dibinde mercanlar\u0131n yok olmas\u0131 bal\u0131k yuvalar\u0131na zarar vermekte.<\/p>\n\n\n\n<p>Ayr\u0131ca deniz ve canl\u0131lar\u0131 konusunda halk\u0131n e\u011fitiminin yeterli olmay\u0131\u015f\u0131.Denizlerimizde bal\u0131klar\u0131n yok olma seviyesine geldi\u011fini g\u00f6zlemlemekteyiz.<\/p>\n\n\n\n<p>B\u00fct\u00fcn bu olumsuzluklar olurken yetkili kurum ve kurulu\u015flar yeterli denetimleri yapmad\u0131\u011f\u0131n\u0131,e\u011fer yapm\u0131\u015f olsalard\u0131 ,bizlerde a\u011f\u0131z tad\u0131nda deniz bal\u0131klar\u0131 yeme \u015fans\u0131na sahip olacakt\u0131k.<\/p>\n\n\n\n<p>Bal\u0131k yemek istiyorsunuz,bal\u0131k\u00e7\u0131ya vard\u0131\u011f\u0131n\u0131zda ya fiyat y\u00fcksekli\u011finden el atam\u0131yorsunuz.Ya da bal\u0131klar o kadar do\u011fal ortam\u0131ndan uzak ve yemle a\u015f\u0131r\u0131 beslendi\u011finden olduk\u00e7a gereksiz ya\u011fl\u0131 olmakta ve bal\u0131k yedi\u011finize sizi pi\u015fman ettirmektedir.<\/p>\n\n\n\n<p>G\u00f6n\u00fcl ister ki bu g\u00fczelim denizlerde bal\u0131k nesli \u00e7o\u011fals\u0131n,t\u00fcm halk\u0131m\u0131z diledi\u011finde a\u011f\u0131z tad\u0131nda bal\u0131k yiyebilsin.Bal\u0131k yiyen insanlar\u0131nda sa\u011fl\u0131kl\u0131 geli\u015fsin.Sa\u011fl\u0131kl\u0131 bir toplum dile\u011fi ile.<\/p>\n\n\n\n<p>22.08.2015&nbsp;&nbsp;<strong>Celal Y\u0131ld\u0131r\u0131m<\/strong><\/p>\n","protected":false},"excerpt":{"rendered":"<p>Bal\u0131k yeme\u011fi sevmeyenimiz bildi\u011fim kadar\u0131yla \u00e7ok azd\u0131r.Tabi ki do\u011fal ortam\u0131nda hayat bulmu\u015f bal\u0131ktan s\u00f6z ediyorum.\u015eimdi dersiniz ki denizlerimizde bal\u0131klar i\u00e7in do\u011fal ortam kald\u0131 m\u0131?Hakl\u0131 bir soru. Hep \u00f6vg\u00fcyle s\u00f6z ederiz \u00fc\u00e7 taraf\u0131 denizlerle \u00e7evrili bir yar\u0131m ada \u00fclkesi oldu\u011fumuzu.Co\u011frafi olarak \u00f6v\u00fcnmek hakk\u0131m\u0131z.Ama gel g\u00f6r ki,bu denizlerdeki \u00fcr\u00fcnlerden ne \u00f6l\u00e7\u00fcde yararlan\u0131yoruz.Oras\u0131 bir muamma. Denizlerimizin k\u0131y\u0131s\u0131ndaki yerle\u015fim [&hellip;]<\/p>\n","protected":false},"author":1,"featured_media":0,"comment_status":"open","ping_status":"open","sticky":false,"template":"","format":"standard","meta":{"footnotes":""},"categories":[10],"tags":[],"class_list":["post-287","post","type-post","status-publish","format-standard","hentry","category-guncel-makale"],"_links":{"self":[{"href":"https:\/\/celalyildirim.com\/index.php\/wp-json\/wp\/v2\/posts\/287","targetHints":{"allow":["GET"]}}],"collection":[{"href":"https:\/\/celalyildirim.com\/index.php\/wp-json\/wp\/v2\/posts"}],"about":[{"href":"https:\/\/celalyildirim.com\/index.php\/wp-json\/wp\/v2\/types\/post"}],"author":[{"embeddable":true,"href":"https:\/\/celalyildirim.com\/index.php\/wp-json\/wp\/v2\/users\/1"}],"replies":[{"embeddable":true,"href":"https:\/\/celalyildirim.com\/index.php\/wp-json\/wp\/v2\/comments?post=287"}],"version-history":[{"count":2,"href":"https:\/\/celalyildirim.com\/index.php\/wp-json\/wp\/v2\/posts\/287\/revisions"}],"predecessor-version":[{"id":656,"href":"https:\/\/celalyildirim.com\/index.php\/wp-json\/wp\/v2\/posts\/287\/revisions\/656"}],"wp:attachment":[{"href":"https:\/\/celalyildirim.com\/index.php\/wp-json\/wp\/v2\/media?parent=287"}],"wp:term":[{"taxonomy":"category","embeddable":true,"href":"https:\/\/celalyildirim.com\/index.php\/wp-json\/wp\/v2\/categories?post=287"},{"taxonomy":"post_tag","embeddable":true,"href":"https:\/\/celalyildirim.com\/index.php\/wp-json\/wp\/v2\/tags?post=287"}],"curies":[{"name":"wp","href":"https:\/\/api.w.org\/{rel}","templated":true}]}}