{"id":289,"date":"2025-02-16T17:38:37","date_gmt":"2025-02-16T14:38:37","guid":{"rendered":"https:\/\/celalyildirim.com\/?p=289"},"modified":"2025-02-16T17:38:37","modified_gmt":"2025-02-16T14:38:37","slug":"telli-turna","status":"publish","type":"post","link":"https:\/\/celalyildirim.com\/index.php\/2025\/02\/16\/telli-turna\/","title":{"rendered":"Telli  Turna"},"content":{"rendered":"\n<p><strong>Telli turna<\/strong>&nbsp;(<em>Anthropoides virgo<\/em>),&nbsp;<a href=\"https:\/\/tr.wikipedia.org\/wiki\/Turnagiller\">turnagiller<\/a>&nbsp;(Gruidae)&nbsp;<a href=\"https:\/\/tr.wikipedia.org\/wiki\/Familya\">familyas\u0131na<\/a>&nbsp;ait bir&nbsp;<a href=\"https:\/\/tr.wikipedia.org\/wiki\/Ku%C5%9F\">ku\u015f<\/a><a href=\"https:\/\/tr.wikipedia.org\/wiki\/T%C3%BCr\">t\u00fcr\u00fc<\/a>.<\/p>\n\n\n\n<p>155-180 cm&nbsp;<a href=\"https:\/\/tr.wikipedia.org\/wiki\/Kanat\">kanat<\/a>&nbsp;a\u00e7\u0131kl\u0131\u011f\u0131, 85-100 santimetre uzunlu\u011funda,&nbsp;<a href=\"https:\/\/tr.wikipedia.org\/wiki\/Baya%C4%9F%C4%B1_turna\">baya\u011f\u0131 turnadan<\/a>&nbsp;ufak\u00e7a daha k\u00fc\u00e7\u00fck ama benzer ku\u015f&nbsp;<a href=\"https:\/\/tr.wikipedia.org\/wiki\/T%C3%BCy\">t\u00fcy\u00fc<\/a>&nbsp;olan bir turnad\u0131r. G\u00f6\u00e7mendirler,&nbsp;<a href=\"https:\/\/tr.wikipedia.org\/wiki\/Afrika\">Afrika<\/a>&nbsp;ve g\u00fcney&nbsp;<a href=\"https:\/\/tr.wikipedia.org\/wiki\/Asya\">Asya<\/a>&#8216;da k\u0131\u015flarlar.<\/p>\n\n\n\n<p>Telli turnalar genellikle, k\u0131\u015f boyunca kuru otlaklarda bulunurken,&nbsp;<a href=\"https:\/\/tr.wikipedia.org\/wiki\/%C3%9Creme\">\u00fcreme<\/a>&nbsp;mevsimi esnas\u0131nda&nbsp;<a href=\"https:\/\/tr.wikipedia.org\/wiki\/Batakl%C4%B1k\">batakl\u0131k<\/a>&nbsp;alanlar ya\u015fam yeri olarak tercih edilir. Nemli batakl\u0131klar,&nbsp;<a href=\"https:\/\/tr.wikipedia.org\/wiki\/Bozk%C4%B1r\">bozk\u0131r<\/a><a href=\"https:\/\/tr.wikipedia.org\/wiki\/Habitat\">habitatlar\u0131<\/a>&nbsp;ve \u00e7ay\u0131rlar, se\u00e7ilebilece\u011fi di\u011fer alanlard\u0131r. T\u00fcrkiye&#8217;de \u015fu anda 11 telli turna vard\u0131r. Nesli t\u00fckenmekte olan ku\u015flar aras\u0131ndad\u0131r.<\/p>\n\n\n\n<p>T\u00fcrkiye&#8217;de sadece&nbsp;<a href=\"https:\/\/tr.wikipedia.org\/wiki\/Bulan%C4%B1k\">Bulan\u0131k<\/a>&nbsp;Ovas\u0131nda ya\u015fayabilmektedirler. Telli Turna&#8217;n\u0131n nesli t\u00fckenebilir.<br>&nbsp; &nbsp; &nbsp; &nbsp; &nbsp; &nbsp; &nbsp; &nbsp; &nbsp; &nbsp; &nbsp; &nbsp; &nbsp; &nbsp; &nbsp; &nbsp; &nbsp; &nbsp; &nbsp; &nbsp; &nbsp; &nbsp; &nbsp; &nbsp; &nbsp; &nbsp; &nbsp; &nbsp; &nbsp; &nbsp; &nbsp; &nbsp; &nbsp; &nbsp; &nbsp; &nbsp; &nbsp; &nbsp; &nbsp; &nbsp; &nbsp; &nbsp; &nbsp; &nbsp; &nbsp; &nbsp; &nbsp; &nbsp; Celal Y\u0131ld\u0131r\u0131m<\/p>\n\n\n\n<p>Kaynak:Vikipedi &nbsp;\u00d6zg\u00fcr Ansiklopedi<\/p>\n","protected":false},"excerpt":{"rendered":"<p>Telli turna&nbsp;(Anthropoides virgo),&nbsp;turnagiller&nbsp;(Gruidae)&nbsp;familyas\u0131na&nbsp;ait bir&nbsp;ku\u015ft\u00fcr\u00fc. 155-180 cm&nbsp;kanat&nbsp;a\u00e7\u0131kl\u0131\u011f\u0131, 85-100 santimetre uzunlu\u011funda,&nbsp;baya\u011f\u0131 turnadan&nbsp;ufak\u00e7a daha k\u00fc\u00e7\u00fck ama benzer ku\u015f&nbsp;t\u00fcy\u00fc&nbsp;olan bir turnad\u0131r. G\u00f6\u00e7mendirler,&nbsp;Afrika&nbsp;ve g\u00fcney&nbsp;Asya&#8216;da k\u0131\u015flarlar. Telli turnalar genellikle, k\u0131\u015f boyunca kuru otlaklarda bulunurken,&nbsp;\u00fcreme&nbsp;mevsimi esnas\u0131nda&nbsp;batakl\u0131k&nbsp;alanlar ya\u015fam yeri olarak tercih edilir. Nemli batakl\u0131klar,&nbsp;bozk\u0131rhabitatlar\u0131&nbsp;ve \u00e7ay\u0131rlar, se\u00e7ilebilece\u011fi di\u011fer alanlard\u0131r. T\u00fcrkiye&#8217;de \u015fu anda 11 telli turna vard\u0131r. Nesli t\u00fckenmekte olan ku\u015flar aras\u0131ndad\u0131r. T\u00fcrkiye&#8217;de sadece&nbsp;Bulan\u0131k&nbsp;Ovas\u0131nda ya\u015fayabilmektedirler. [&hellip;]<\/p>\n","protected":false},"author":1,"featured_media":0,"comment_status":"open","ping_status":"open","sticky":false,"template":"","format":"standard","meta":{"footnotes":""},"categories":[1],"tags":[],"class_list":["post-289","post","type-post","status-publish","format-standard","hentry","category-pastoral"],"_links":{"self":[{"href":"https:\/\/celalyildirim.com\/index.php\/wp-json\/wp\/v2\/posts\/289","targetHints":{"allow":["GET"]}}],"collection":[{"href":"https:\/\/celalyildirim.com\/index.php\/wp-json\/wp\/v2\/posts"}],"about":[{"href":"https:\/\/celalyildirim.com\/index.php\/wp-json\/wp\/v2\/types\/post"}],"author":[{"embeddable":true,"href":"https:\/\/celalyildirim.com\/index.php\/wp-json\/wp\/v2\/users\/1"}],"replies":[{"embeddable":true,"href":"https:\/\/celalyildirim.com\/index.php\/wp-json\/wp\/v2\/comments?post=289"}],"version-history":[{"count":1,"href":"https:\/\/celalyildirim.com\/index.php\/wp-json\/wp\/v2\/posts\/289\/revisions"}],"predecessor-version":[{"id":290,"href":"https:\/\/celalyildirim.com\/index.php\/wp-json\/wp\/v2\/posts\/289\/revisions\/290"}],"wp:attachment":[{"href":"https:\/\/celalyildirim.com\/index.php\/wp-json\/wp\/v2\/media?parent=289"}],"wp:term":[{"taxonomy":"category","embeddable":true,"href":"https:\/\/celalyildirim.com\/index.php\/wp-json\/wp\/v2\/categories?post=289"},{"taxonomy":"post_tag","embeddable":true,"href":"https:\/\/celalyildirim.com\/index.php\/wp-json\/wp\/v2\/tags?post=289"}],"curies":[{"name":"wp","href":"https:\/\/api.w.org\/{rel}","templated":true}]}}