{"id":332,"date":"2025-02-16T18:16:11","date_gmt":"2025-02-16T15:16:11","guid":{"rendered":"https:\/\/celalyildirim.com\/?p=332"},"modified":"2025-05-17T21:08:24","modified_gmt":"2025-05-17T18:08:24","slug":"cagi-yakalamak","status":"publish","type":"post","link":"https:\/\/celalyildirim.com\/index.php\/2025\/02\/16\/cagi-yakalamak\/","title":{"rendered":"\u00c7a\u011f\u0131  Yakalamak"},"content":{"rendered":"\n<p>Yaz\u0131ma bili\u015fim \u00e7a\u011f\u0131n\u0131n ne oldu\u011funu a\u00e7\u0131klamakla ba\u015fl\u0131yorum.<strong>Bili\u015fim \u00c7a\u011f\u0131<\/strong>&nbsp;(Almanca&nbsp;<em>Informationszeitalter<\/em>; \u0130ngilizce&nbsp;<em>Information Age<\/em>)&nbsp;<a href=\"http:\/\/tr.wikipedia.org\/wiki\/Bili%C5%9Fim_ve_ileti%C5%9Fim_teknolojileri\">bili\u015fim ve ileti\u015fim teknolojilerindeki<\/a>&nbsp;geli\u015fimin insanl\u0131k tarihinde toplumsal, ekonomik, ve bilimsel de\u011fi\u015fimin y\u00f6n\u00fcn\u00fc yeniden belirledi\u011fi ve giderek&nbsp;<a href=\"http:\/\/tr.wikipedia.org\/w\/index.php?title=A%C4%9F_toplumu&amp;action=edit&amp;redlink=1\">a\u011f toplumunun<\/a>&nbsp;ortaya \u00e7\u0131kt\u0131\u011f\u0131 d\u00f6neme verilen add\u0131r. Ba\u015fta imalat sanayii olmak \u00fczere, ula\u015ft\u0131rma, in\u015faat ve enerji sekt\u00f6rlerindeki geli\u015fmelerin toplumsal ve ekonomik de\u011fi\u015fimin itici g\u00fcc\u00fc oldu\u011fu&nbsp;<a href=\"http:\/\/tr.wikipedia.org\/w\/index.php?title=End%C3%BCstri_toplumu&amp;action=edit&amp;redlink=1\">end\u00fcstri toplumunun<\/a>&nbsp;gelecekte neye evrilece\u011fi konusundaki tart\u0131\u015fmalar 1950&#8217;lerin sonlar\u0131nda ba\u015flam\u0131\u015ft\u0131r.&nbsp;Ba\u015flang\u0131\u00e7ta bu d\u00f6neme&nbsp;<em>End\u00fcstri Sonras\u0131 \u00c7a\u011f\u0131<\/em>&nbsp;denmi\u015ftir.&nbsp;1980&#8217;lerde \u0130nternet&#8217;in kullan\u0131m\u0131n\u0131n yayg\u0131nla\u015fmas\u0131 ve nihayet 1995&#8217;te tamamen serbest b\u0131rak\u0131lmas\u0131ndan sonra&nbsp;<em>end\u00fcstri sonras\u0131<\/em>&nbsp;terimi yerini&nbsp;<a href=\"http:\/\/tr.wikipedia.org\/wiki\/Enformasyon\"><em>enformasyon<\/em><\/a>&nbsp;s\u00f6zc\u00fc\u011f\u00fcyle de\u011fi\u015ftirmi\u015f<sup>,<\/sup>&nbsp;kavram T\u00fcrk\u00e7eye&nbsp;<em>Bili\u015fim \u00c7a\u011f\u0131<\/em>&nbsp;ya da&nbsp;<em>Bilgi \u00c7a\u011f\u0131<\/em>&nbsp;olarak yerle\u015fmi\u015ftir. G\u00fcn\u00fcm\u00fczde &#8220;Bili\u015fim \u00c7a\u011f\u0131&#8221; terimi, 1990&#8217;lardan bug\u00fcne kadar olan s\u00fcre i\u00e7in kullan\u0131lmaktad\u0131r.Kaynak :\u00d6zg\u00fcr Ansiklopedi<\/p>\n\n\n\n<p>\u0130\u00e7inde bulundu\u011fumuz bili\u015fim \u00e7a\u011f\u0131n\u0131 alg\u0131layabilmek i\u00e7in &nbsp;zihin yap\u0131s\u0131n\u0131 de\u011fi\u015ftirmek gerek.D\u00fcn\u00fcn arg\u00fcmanlar\u0131 ile bug\u00fcn\u00fc okuyamay\u0131z.\u00c7\u00fcnk\u00fc d\u00fcnyada internetin yayg\u0131nla\u015fmas\u0131 ile bilgi h\u0131zla s\u0131n\u0131rlar\u0131 a\u015farak ba\u015fka \u00fclke vatanda\u015flar\u0131na ula\u015f\u0131yor.Gerek kurumlar\u0131n gerekse \u00f6zel sekt\u00f6r\u00fcn \u00f6rg\u00fctsel yap\u0131s\u0131ndan i\u015fleyi\u015fin her kademesi d\u00fcnyadaki de\u011fi\u015fimlerden etkileniyor.Ge\u00e7mi\u015fin bir\u00e7ok veri kaynaklar\u0131 g\u00fcn\u00fcm\u00fczde dijital ortama aktar\u0131lm\u0131\u015f durumda.Bizler eski metot ve tekniklerimizi kullanarak geli\u015fimimizi s\u00fcrd\u00fcremeyiz.Mutlaka g\u00fcn\u00fcm\u00fcz\u00fcn arg\u00fcmanlar\u0131 ile ya\u015fam\u0131 alg\u0131lay\u0131p yolumuza devam etmeliyiz.<\/p>\n\n\n\n<p>Bilgi \u00e7a\u011f\u0131nda yerinde sayamazs\u0131n\u0131z.Mutlaka kendi \u00fclkenizin arge \u00e7al\u0131\u015fmalar\u0131n\u0131 devlet\u00e7e destek vererek, yeni yeti\u015fen gen\u00e7li\u011fin \u00f6n\u00fcn\u00fc a\u00e7\u0131p, bilgi \u00e7a\u011f\u0131ndaki olmas\u0131 gereken uygulamalar\u0131 hayata ge\u00e7irmeliyiz.\u00dcniversitelerde bu konuda ara\u015ft\u0131rmalara yer vermeli,yeni tez konular\u0131 \u00fczerinde \u00e7al\u0131\u015fmalar yapmal\u0131y\u0131z.Enformasyonun h\u0131zla yay\u0131ld\u0131\u011f\u0131 d\u00fcnyada siz yerinde sayamazs\u0131n\u0131z.\u00c7\u00fcnk\u00fc bir\u00e7ok \u00fcr\u00fcn\u00fcn \u00fcretim \u015feklinden,pazarlamaya,hatta t\u00fcketimine kadar ba\u015f d\u00f6nd\u00fcr\u00fcc\u00fc de\u011fi\u015fim ya\u015fanmaktad\u0131r.<\/p>\n\n\n\n<p>Gelece\u011fin d\u00fcnyas\u0131nda bilgiyi \u00fcreten toplumlar,kendilerini ve d\u00fcnyay\u0131 de\u011fi\u015ftirmeye muktedir olacakt\u0131r.\u0130nsanl\u0131k tarihine bakt\u0131\u011f\u0131n\u0131zda geli\u015fmeler bu y\u00f6nde olmu\u015ftur.Avc\u0131l\u0131k ve toplay\u0131c\u0131l\u0131k d\u00f6neminden ,tar\u0131m toplumuna.Tar\u0131m toplumundan sanayi toplumuna.Sanayi toplumundan,bilgi toplumuna hep yeni bilgi ve donan\u0131mlarla ge\u00e7tik.\u00c7a\u011f\u0131m\u0131zda ise bu de\u011fi\u015fim \u00e7ok h\u0131zl\u0131 olmaktad\u0131r.Bu h\u0131za ayak uyduran toplumlar \u00e7ok geli\u015fecek.Di\u011fer toplumlarda onlar\u0131 arkadan izleyerek, bilgiyi \u00fcreten toplumlar\u0131n pazar\u0131 durumuna d\u00fc\u015fecektir.<\/p>\n\n\n\n<p>Netice itibariyle bilgiyi \u00fcretenler,ya\u015fam bi\u00e7imlerini,e\u011fitim durumlar\u0131n\u0131,sa\u011fl\u0131k \u015fartlar\u0131n\u0131 hatta \u00f6m\u00fcrlerinin s\u00fcrelerine bile h\u00fckmedebilecekler.K\u0131sacas\u0131 bilgi \u00f6zg\u00fcrle\u015fmedir.\u00d6zg\u00fcr bireyler mutlu toplumun temelini kuracaklar. Neden bizler mutlu&nbsp; olmayal\u0131m? Bir d\u00fc\u015f\u00fcn\u00fcn!!!!! K\u0131sa bir d\u00f6rtl\u00fckle bitirelim.<\/p>\n\n\n\n<figure class=\"wp-block-image\"><a href=\"https:\/\/blogger.googleusercontent.com\/img\/b\/R29vZ2xl\/AVvXsEgBmOAe0jiW7OB71F9P8WWKcIrI02norUmiocujtvROHY9J2r0J9w71CD3wLk30txNnaWBGhnLNbrAVmN6az3Ih7nNgnFwd95lHQDVgzZilSZwS16GLDzCaqaZXHyOfgLWKfhK4osex7SI\/s1600\/images.jpg\"><img decoding=\"async\" src=\"https:\/\/blogger.googleusercontent.com\/img\/b\/R29vZ2xl\/AVvXsEgBmOAe0jiW7OB71F9P8WWKcIrI02norUmiocujtvROHY9J2r0J9w71CD3wLk30txNnaWBGhnLNbrAVmN6az3Ih7nNgnFwd95lHQDVgzZilSZwS16GLDzCaqaZXHyOfgLWKfhK4osex7SI\/s1600\/images.jpg\" alt=\"\"\/><\/a><\/figure>\n\n\n\n<p><strong>Bili\u015fim<\/strong><\/p>\n\n\n\n<p>D\u00fcnyay\u0131 ve evreni yorumlamak i\u00e7in;<\/p>\n\n\n\n<p>Bilgi, bilim ,teknoloji&nbsp; gerek.<\/p>\n\n\n\n<p>Bili\u015fim demek ,h\u00fcr ya\u015famak demek,<\/p>\n\n\n\n<p>Uzay\u0131 fet etmeye bilgi gerek, bilgi gerek,<\/p>\n\n\n\n<p><strong>&nbsp;&nbsp;&nbsp;&nbsp;&nbsp;&nbsp;&nbsp;&nbsp;&nbsp;&nbsp;&nbsp;&nbsp;&nbsp;&nbsp;&nbsp;&nbsp;&nbsp; &nbsp;&nbsp;&nbsp;&nbsp;&nbsp;&nbsp;&nbsp;&nbsp;&nbsp;&nbsp;&nbsp;&nbsp;&nbsp;&nbsp;&nbsp;&nbsp;&nbsp;&nbsp;&nbsp;&nbsp;&nbsp;&nbsp;&nbsp;&nbsp;&nbsp;&nbsp;&nbsp;&nbsp;&nbsp;&nbsp;29.05.2015<\/strong>&nbsp;&nbsp;&nbsp;&nbsp;&nbsp;&nbsp;&nbsp;&nbsp;&nbsp;&nbsp;&nbsp;&nbsp;&nbsp;&nbsp;&nbsp;&nbsp;&nbsp;&nbsp;&nbsp;&nbsp;&nbsp;&nbsp; Celal Y\u0131ld\u0131r\u0131m<\/p>\n","protected":false},"excerpt":{"rendered":"<p>Yaz\u0131ma bili\u015fim \u00e7a\u011f\u0131n\u0131n ne oldu\u011funu a\u00e7\u0131klamakla ba\u015fl\u0131yorum.Bili\u015fim \u00c7a\u011f\u0131&nbsp;(Almanca&nbsp;Informationszeitalter; \u0130ngilizce&nbsp;Information Age)&nbsp;bili\u015fim ve ileti\u015fim teknolojilerindeki&nbsp;geli\u015fimin insanl\u0131k tarihinde toplumsal, ekonomik, ve bilimsel de\u011fi\u015fimin y\u00f6n\u00fcn\u00fc yeniden belirledi\u011fi ve giderek&nbsp;a\u011f toplumunun&nbsp;ortaya \u00e7\u0131kt\u0131\u011f\u0131 d\u00f6neme verilen add\u0131r. Ba\u015fta imalat sanayii olmak \u00fczere, ula\u015ft\u0131rma, in\u015faat ve enerji sekt\u00f6rlerindeki geli\u015fmelerin toplumsal ve ekonomik de\u011fi\u015fimin itici g\u00fcc\u00fc oldu\u011fu&nbsp;end\u00fcstri toplumunun&nbsp;gelecekte neye evrilece\u011fi konusundaki tart\u0131\u015fmalar 1950&#8217;lerin sonlar\u0131nda [&hellip;]<\/p>\n","protected":false},"author":1,"featured_media":0,"comment_status":"open","ping_status":"open","sticky":false,"template":"","format":"standard","meta":{"footnotes":""},"categories":[10],"tags":[],"class_list":["post-332","post","type-post","status-publish","format-standard","hentry","category-guncel-makale"],"_links":{"self":[{"href":"https:\/\/celalyildirim.com\/index.php\/wp-json\/wp\/v2\/posts\/332","targetHints":{"allow":["GET"]}}],"collection":[{"href":"https:\/\/celalyildirim.com\/index.php\/wp-json\/wp\/v2\/posts"}],"about":[{"href":"https:\/\/celalyildirim.com\/index.php\/wp-json\/wp\/v2\/types\/post"}],"author":[{"embeddable":true,"href":"https:\/\/celalyildirim.com\/index.php\/wp-json\/wp\/v2\/users\/1"}],"replies":[{"embeddable":true,"href":"https:\/\/celalyildirim.com\/index.php\/wp-json\/wp\/v2\/comments?post=332"}],"version-history":[{"count":1,"href":"https:\/\/celalyildirim.com\/index.php\/wp-json\/wp\/v2\/posts\/332\/revisions"}],"predecessor-version":[{"id":333,"href":"https:\/\/celalyildirim.com\/index.php\/wp-json\/wp\/v2\/posts\/332\/revisions\/333"}],"wp:attachment":[{"href":"https:\/\/celalyildirim.com\/index.php\/wp-json\/wp\/v2\/media?parent=332"}],"wp:term":[{"taxonomy":"category","embeddable":true,"href":"https:\/\/celalyildirim.com\/index.php\/wp-json\/wp\/v2\/categories?post=332"},{"taxonomy":"post_tag","embeddable":true,"href":"https:\/\/celalyildirim.com\/index.php\/wp-json\/wp\/v2\/tags?post=332"}],"curies":[{"name":"wp","href":"https:\/\/api.w.org\/{rel}","templated":true}]}}