{"id":479,"date":"2025-05-14T22:52:55","date_gmt":"2025-05-14T19:52:55","guid":{"rendered":"https:\/\/celalyildirim.com\/?p=479"},"modified":"2025-05-17T20:56:02","modified_gmt":"2025-05-17T17:56:02","slug":"bayramlar-2","status":"publish","type":"post","link":"https:\/\/celalyildirim.com\/index.php\/2025\/05\/14\/bayramlar-2\/","title":{"rendered":"Bayramlar"},"content":{"rendered":"\n<p style=\"margin-top:var(--wp--preset--spacing--10);margin-bottom:var(--wp--preset--spacing--10)\"><a href=\"http:\/\/celal4909.blogspot.com\/2015\/09\/bayramlar-bayramlar-sevinclerin.html\"><time datetime=\"2015-09-24T07:35:00-07:00\">Eyl\u00fcl 24, 2015<\/time><\/a><\/p>\n\n\n\n<p class=\"has-accent-4-background-color has-background\">Bayramlar<\/p>\n\n\n\n<p>Bayramlar sevin\u00e7lerin \u00f6ne \u00e7\u0131kt\u0131\u011f\u0131,k\u00fcsk\u00fcnlerin bar\u0131\u015ft\u0131\u011f\u0131,payla\u015f\u0131mlar\u0131n oldu\u011fu g\u00fcnler olarak bilinir.Bu haliyle bayramlar \u00e7ok iyidir.Acaba bu anlam\u0131nda m\u0131d\u0131r bayramlar?<\/p>\n\n\n\n<p>\u0130\u00e7inde oldu\u011fumuz Kurban Bayram\u0131na gelince ;\u0130brahim Peygamberin o\u011flunu tanr\u0131ya daha yak\u0131nla\u015fma ad\u0131na o\u011flunu tanr\u0131 yoluna Kurban ederken tanr\u0131n\u0131n ona Bir ko\u00e7 g\u00f6ndererek o\u011flunu kurban etmesi \u00f6nlenmi\u015f oldu.\u0130brahim Peygamber de tanr\u0131ya ba\u011fl\u0131l\u0131\u011f\u0131n\u0131 b\u00f6ylece ilan etmi\u015f oldu.<\/p>\n\n\n\n<p>Kurban kelimesi Arap\u00e7a \u201c kbr\u201d&nbsp; kelimesinden gelmektedir.Tanr\u0131ya bir \u015feyler sunarak ona yakla\u015fma anlam\u0131ndad\u0131r.Hz.Adem\u2019in iki o\u011flu Habil ile Kabil de tanr\u0131ya yak\u0131nl\u0131klar\u0131n\u0131 bildirmek i\u00e7in \u00e7ift\u00e7ilik yapan Kabil tanr\u0131ya tah\u0131l sunmu\u015f.Hayvanc\u0131l\u0131k yapan Habil ise tanr\u0131ya kuzu sunmu\u015f.Tanr\u0131 Habil\u2019in kuzusunu kabul etmi\u015f.Kabil bu durumu k\u0131skanarak tanr\u0131ya Habil yakla\u015f\u0131yor, tanr\u0131 onu kabul etti diyerek,Habil\u2019i katl eder.\u0130lahi olanla akraba olma yolunda ,Kabil karde\u015finin katli olur.G\u00fcn\u00fcm\u00fczde ise insanlar Allah yolunda kurban keserek ,onun yolunda olduklar\u0131n\u0131 bildirirler.<\/p>\n\n\n\n<p>Kurban kesme de git gide amac\u0131ndan sapt\u0131.\u015eehirlerin bir\u00e7ok alanlar\u0131 kan deryas\u0131na bulanmakta.Deniz ve akarsular\u0131n kenarlar\u0131 k\u0131rm\u0131z\u0131 kana bulanmaktad\u0131r.Eskiden bizler evimizin \u00f6n\u00fcnde kurban\u0131 keser,Bah\u00e7eye derin kuyu a\u00e7arak,kurbandan arta kalanlar\u0131 kuyuya g\u00f6merek \u00fcst\u00fcn\u00fc \u00f6rterdik.Kurban kesildi\u011fi bile belli olmazd\u0131.\u015eimdi g\u00f6steri\u015f halini ald\u0131.L\u00fctfen biraz duyarl\u0131 olal\u0131m.Hayvanlara azap etmeden,\u00e7ocuklar\u0131n g\u00f6z\u00fc \u00f6n\u00fcnde kesim yapmayal\u0131m.Kesilen hayvanlar\u0131 da ger\u00e7ek ihtiya\u00e7 sahiplerine&nbsp; da\u011f\u0131t\u0131rsak kurban kesmek ger\u00e7ek amac\u0131na ula\u015f\u0131r.<\/p>\n\n\n\n<p>Ayr\u0131ca bayramlar tatil havas\u0131na b\u00fcr\u00fcnd\u00fc.Her bayramda imkan\u0131 olanlar evinden uzakta ailece ya da yaln\u0131z ge\u00e7irmeyi tercih etmedeler.Hatta \u00f6yle bir hal ald\u0131 ki bayramlar turizm sekt\u00f6r\u00fcn\u00fcn kurtar\u0131c\u0131s\u0131 olarak g\u00f6r\u00fcld\u00fc.\u015eu an D\u00fcnya\u2019n\u0131n en uzun bayram tatilini yapmaktay\u0131z.E\u011fitim \u00f6\u011fretim,di\u011fer sekt\u00f6rler \u00f6nemli de\u011filmi\u015f gibi.<\/p>\n\n\n\n<p>Bayramlar\u0131n \u00fcz\u00fcnt\u00fc,g\u00f6zya\u015f\u0131,sava\u015flardan uzak olmas\u0131 dile\u011fi ile ba\u015fta \u00fclkemiz insan\u0131 olmak \u00fczere b\u00fct\u00fcn insanlara mutluluk getirmesi ,ne\u015feli ve mutlu bayramlara ula\u015fal\u0131m.Sava\u015flar\u0131n olmad\u0131\u011f\u0131 insan\u0131n insana zul\u00fcm etmedi\u011fi bir D\u00fcnya \u00f6zlemiyle bayram\u0131n\u0131z kutlu olsun<strong>. 24.09.2015<\/strong>&nbsp;Celal Y\u0131ld\u0131r\u0131m<\/p>\n\n\n\n<figure class=\"wp-block-image\"><a href=\"https:\/\/blogger.googleusercontent.com\/img\/b\/R29vZ2xl\/AVvXsEiFMP2AszPY0rvCm8pB-Z5DDRRvFOSjXFseRJbFen4xyyfSG6mjhfssY37Uu0Tz6XWhgJz6n-8Quafx_d_MlPZtRBfDfC_A9d8LPOlDM2jPH6l9c7iCPpYceh5iyPpQFc5QTBjiVx-evSA\/s1600\/images.jpg\"><img decoding=\"async\" src=\"https:\/\/blogger.googleusercontent.com\/img\/b\/R29vZ2xl\/AVvXsEiFMP2AszPY0rvCm8pB-Z5DDRRvFOSjXFseRJbFen4xyyfSG6mjhfssY37Uu0Tz6XWhgJz6n-8Quafx_d_MlPZtRBfDfC_A9d8LPOlDM2jPH6l9c7iCPpYceh5iyPpQFc5QTBjiVx-evSA\/s1600\/images.jpg\" alt=\"\"\/><\/a><\/figure>\n","protected":false},"excerpt":{"rendered":"<p>Eyl\u00fcl 24, 2015 Bayramlar Bayramlar sevin\u00e7lerin \u00f6ne \u00e7\u0131kt\u0131\u011f\u0131,k\u00fcsk\u00fcnlerin bar\u0131\u015ft\u0131\u011f\u0131,payla\u015f\u0131mlar\u0131n oldu\u011fu g\u00fcnler olarak bilinir.Bu haliyle bayramlar \u00e7ok iyidir.Acaba bu anlam\u0131nda m\u0131d\u0131r bayramlar? \u0130\u00e7inde oldu\u011fumuz Kurban Bayram\u0131na gelince ;\u0130brahim Peygamberin o\u011flunu tanr\u0131ya daha yak\u0131nla\u015fma ad\u0131na o\u011flunu tanr\u0131 yoluna Kurban ederken tanr\u0131n\u0131n ona Bir ko\u00e7 g\u00f6ndererek o\u011flunu kurban etmesi \u00f6nlenmi\u015f oldu.\u0130brahim Peygamber de tanr\u0131ya ba\u011fl\u0131l\u0131\u011f\u0131n\u0131 b\u00f6ylece ilan etmi\u015f [&hellip;]<\/p>\n","protected":false},"author":1,"featured_media":0,"comment_status":"open","ping_status":"open","sticky":false,"template":"","format":"standard","meta":{"footnotes":""},"categories":[10],"tags":[],"class_list":["post-479","post","type-post","status-publish","format-standard","hentry","category-guncel-makale"],"_links":{"self":[{"href":"https:\/\/celalyildirim.com\/index.php\/wp-json\/wp\/v2\/posts\/479","targetHints":{"allow":["GET"]}}],"collection":[{"href":"https:\/\/celalyildirim.com\/index.php\/wp-json\/wp\/v2\/posts"}],"about":[{"href":"https:\/\/celalyildirim.com\/index.php\/wp-json\/wp\/v2\/types\/post"}],"author":[{"embeddable":true,"href":"https:\/\/celalyildirim.com\/index.php\/wp-json\/wp\/v2\/users\/1"}],"replies":[{"embeddable":true,"href":"https:\/\/celalyildirim.com\/index.php\/wp-json\/wp\/v2\/comments?post=479"}],"version-history":[{"count":8,"href":"https:\/\/celalyildirim.com\/index.php\/wp-json\/wp\/v2\/posts\/479\/revisions"}],"predecessor-version":[{"id":515,"href":"https:\/\/celalyildirim.com\/index.php\/wp-json\/wp\/v2\/posts\/479\/revisions\/515"}],"wp:attachment":[{"href":"https:\/\/celalyildirim.com\/index.php\/wp-json\/wp\/v2\/media?parent=479"}],"wp:term":[{"taxonomy":"category","embeddable":true,"href":"https:\/\/celalyildirim.com\/index.php\/wp-json\/wp\/v2\/categories?post=479"},{"taxonomy":"post_tag","embeddable":true,"href":"https:\/\/celalyildirim.com\/index.php\/wp-json\/wp\/v2\/tags?post=479"}],"curies":[{"name":"wp","href":"https:\/\/api.w.org\/{rel}","templated":true}]}}