{"id":776,"date":"2025-06-04T17:34:04","date_gmt":"2025-06-04T14:34:04","guid":{"rendered":"https:\/\/celalyildirim.com\/?p=776"},"modified":"2025-06-04T17:34:04","modified_gmt":"2025-06-04T14:34:04","slug":"birgun","status":"publish","type":"post","link":"https:\/\/celalyildirim.com\/index.php\/2025\/06\/04\/birgun\/","title":{"rendered":"Birg\u00fcn"},"content":{"rendered":"\n<p>&nbsp;&nbsp; &nbsp; &nbsp; &nbsp; &nbsp;<\/p>\n\n\n\n<p>Uyan\u0131r\u0131m her sabah ku\u015f seslerine<\/p>\n\n\n\n<p>Ku\u015f seslerine; yaseminin,melisan\u0131n kokusu kar\u0131\u015f\u0131r<\/p>\n\n\n\n<p>Penceremden da\u011f esintisi, i\u00e7 ferahlat\u0131c\u0131<\/p>\n\n\n\n<p>Al\u0131r beni \u00e7ocuklu\u011fuma g\u00f6t\u00fcr\u00fcr<\/p>\n\n\n\n<p>G\u00fcne\u015fin \u0131\u015f\u0131klar\u0131 da\u011f\u0131n yamac\u0131nda alt\u0131n sar\u0131s\u0131<\/p>\n\n\n\n<p>Deniz \u00e7ar\u015faf gibi, laciverte boyanm\u0131\u015f<\/p>\n\n\n\n<p>Atar\u0131m kendimi denize bal\u0131klar gibi<\/p>\n\n\n\n<p>Kumsal \u0131s\u0131nd\u0131k\u00e7a \u0131s\u0131n\u0131yor<\/p>\n\n\n\n<p>\u015eemsiyemi a\u00e7ar,uzan\u0131r\u0131m kumsala<\/p>\n\n\n\n<p>Ya\u015far\u0131m g\u00f6nl\u00fcmce<\/p>\n\n\n\n<p>Sahi bu D\u00fcnya ya\u015famaya de\u011fmez mi?<\/p>\n\n\n\n<p>&nbsp; &nbsp; &nbsp; &nbsp; &nbsp; &nbsp; &nbsp; 26.05.2025<\/p>\n\n\n\n<p>&nbsp; &nbsp; &nbsp; &nbsp; Celal &nbsp;Y\u0131ld\u0131r\u0131m<\/p>\n","protected":false},"excerpt":{"rendered":"<p>&nbsp;&nbsp; &nbsp; &nbsp; &nbsp; &nbsp; Uyan\u0131r\u0131m her sabah ku\u015f seslerine Ku\u015f seslerine; yaseminin,melisan\u0131n kokusu kar\u0131\u015f\u0131r Penceremden da\u011f esintisi, i\u00e7 ferahlat\u0131c\u0131 Al\u0131r beni \u00e7ocuklu\u011fuma g\u00f6t\u00fcr\u00fcr G\u00fcne\u015fin \u0131\u015f\u0131klar\u0131 da\u011f\u0131n yamac\u0131nda alt\u0131n sar\u0131s\u0131 Deniz \u00e7ar\u015faf gibi, laciverte boyanm\u0131\u015f Atar\u0131m kendimi denize bal\u0131klar gibi Kumsal \u0131s\u0131nd\u0131k\u00e7a \u0131s\u0131n\u0131yor \u015eemsiyemi a\u00e7ar,uzan\u0131r\u0131m kumsala Ya\u015far\u0131m g\u00f6nl\u00fcmce Sahi bu D\u00fcnya ya\u015famaya de\u011fmez mi? &nbsp; [&hellip;]<\/p>\n","protected":false},"author":1,"featured_media":0,"comment_status":"open","ping_status":"open","sticky":false,"template":"","format":"standard","meta":{"footnotes":""},"categories":[8],"tags":[],"class_list":["post-776","post","type-post","status-publish","format-standard","hentry","category-lirik-siir"],"_links":{"self":[{"href":"https:\/\/celalyildirim.com\/index.php\/wp-json\/wp\/v2\/posts\/776","targetHints":{"allow":["GET"]}}],"collection":[{"href":"https:\/\/celalyildirim.com\/index.php\/wp-json\/wp\/v2\/posts"}],"about":[{"href":"https:\/\/celalyildirim.com\/index.php\/wp-json\/wp\/v2\/types\/post"}],"author":[{"embeddable":true,"href":"https:\/\/celalyildirim.com\/index.php\/wp-json\/wp\/v2\/users\/1"}],"replies":[{"embeddable":true,"href":"https:\/\/celalyildirim.com\/index.php\/wp-json\/wp\/v2\/comments?post=776"}],"version-history":[{"count":4,"href":"https:\/\/celalyildirim.com\/index.php\/wp-json\/wp\/v2\/posts\/776\/revisions"}],"predecessor-version":[{"id":780,"href":"https:\/\/celalyildirim.com\/index.php\/wp-json\/wp\/v2\/posts\/776\/revisions\/780"}],"wp:attachment":[{"href":"https:\/\/celalyildirim.com\/index.php\/wp-json\/wp\/v2\/media?parent=776"}],"wp:term":[{"taxonomy":"category","embeddable":true,"href":"https:\/\/celalyildirim.com\/index.php\/wp-json\/wp\/v2\/categories?post=776"},{"taxonomy":"post_tag","embeddable":true,"href":"https:\/\/celalyildirim.com\/index.php\/wp-json\/wp\/v2\/tags?post=776"}],"curies":[{"name":"wp","href":"https:\/\/api.w.org\/{rel}","templated":true}]}}