{"id":80,"date":"2025-02-16T14:48:09","date_gmt":"2025-02-16T11:48:09","guid":{"rendered":"https:\/\/celalyildirim.com\/?p=80"},"modified":"2025-05-17T22:27:50","modified_gmt":"2025-05-17T19:27:50","slug":"muslim-ile-klensi","status":"publish","type":"post","link":"https:\/\/celalyildirim.com\/index.php\/2025\/02\/16\/muslim-ile-klensi\/","title":{"rendered":"M\u00fcslim   \u0130le  Klensi"},"content":{"rendered":"\n<p>Yusuf Amcan\u0131n evi;Ark\u0131n yan\u0131nda ovaya hakim bir tepenin \u00fczerindeydi.Ev ,tek katl\u0131,toprak dam\u0131 olan,kerpi\u00e7 ve yan taraf\u0131nda atlar\u0131 i\u00e7in yapt\u0131\u011f\u0131 k\u00fc\u00e7\u00fck bir ah\u0131r vard\u0131.<\/p>\n\n\n\n<p>Evin konumland\u0131\u011f\u0131 arsa \u00e7ok b\u00fcy\u00fckt\u00fc.Etraf\u0131 tel \u00f6rg\u00fclerle \u00e7evrili,s\u0131ral\u0131 kavak fidanlar\u0131yla doluydu.Bah\u00e7enin sadece ev ve ah\u0131ra yak\u0131n k\u0131s\u0131mlar\u0131 bo\u015ftu.Oraya da at arabas\u0131n\u0131 koyard\u0131.<\/p>\n\n\n\n<p>Yusuf Amcaya yard\u0131mc\u0131 olan iki \u00e7al\u0131\u015fan\u0131 vard\u0131.Bu \u00e7al\u0131\u015fanlar\u0131n biri Mehmet ,kendisine mahallenin gen\u00e7leri Clensi derlerdi.Mehmet uzun boylu,geni\u015f omuzlu,g\u00fczel y\u00fczl\u00fc bir gen\u00e7ti.Di\u011feri ise,M\u00fcsl\u00fcm de i\u015fine A\u015f\u0131k,donuk suratl\u0131,incecik dal gibi bir gen\u00e7ti.<\/p>\n\n\n\n<p>K\u0131\u015f olunca Yusuf Amcan\u0131n \u00e7al\u0131\u015fanlar\u0131 &nbsp;seyrek olarak Yusuf Amcaya u\u011frarlard\u0131.Baz\u0131 g\u00fcnler,genellikle ah\u0131r ve atlar\u0131n temizlik ve bak\u0131m\u0131 i\u00e7in gelirlerdi.Ah\u0131r\u0131n temizlenmesi,atlar\u0131n ka\u015fa\u011f\u0131 yap\u0131lmas\u0131,Evin \u00f6n arka ve yan taraflar\u0131n\u0131n toparlanmas\u0131,k\u00fc\u00e7\u00fck \u00c7ar\u015f\u0131 i\u015flerini yaparlard\u0131.<\/p>\n\n\n\n<p>\u0130\u015flerin yo\u011funlu\u011fu bahar aylar\u0131 ile ba\u015flard\u0131.Evinden 1 fersah uzakta bir bostan ekerdi.Y\u0131l boyunca bu bostan onlar\u0131n e\u011flencesi ve u\u011fra\u015f\u0131 olurdu.G\u00fczden bostan ekilecek tarla Klensi ve M\u00fcsl\u00fcm taraf\u0131ndan atlarla s\u00fcr\u00fcl\u00fcrd\u00fc.Baharda do\u011fal \u00e7iftlik g\u00fcbresi at\u0131l\u0131r,tekrar ikileme yay\u0131l\u0131rd\u0131.Yusuf Amca da gen\u00e7leri y\u00f6nlendirirdi.Klensi ve M\u00fcsl\u00fcm son derece birbirleriyle uyumluydu.\u00c7ok iyi ge\u00e7inirlerdi.Yak\u0131n \u00e7evreden bu ikilinin birbirlerine y\u00fckselen seslerini duymam\u0131\u015flard\u0131.\u0130\u015fin gere\u011fini yapar kenara \u00e7ekilirlerdi.<\/p>\n\n\n\n<p>Ekilecek alan evleklere &nbsp;ay\u0131r\u0131r.Hangi evleklere nelerin edilece\u011fi Yusuf Amca taraf\u0131ndan belirlenir.Ona g\u00f6re bahar aylar\u0131nda ekim zaman\u0131 gelen;so\u011fan,maydanoz,Marul,biber,patates,domates vs. Ekerlerdi.Kavun ve karpuz ekimi i\u00e7in topra\u011f\u0131n biraz daha \u0131s\u0131nmas\u0131n\u0131 beklerlerdi.May\u0131s ba\u015f\u0131nda onlar\u0131 da ekerdiler.<\/p>\n\n\n\n<p>Havalar \u0131s\u0131nd\u0131k\u00e7a ekilen sebzeler boy vermeye ba\u015flard\u0131.Bu durumdan son derece haz al\u0131rlard\u0131&nbsp;<\/p>\n\n\n\n<p>B\u00fcy\u00fcyen sebzelerin \u00e7apalanmas\u0131,yabanc\u0131 otlardan ay\u0131klanmas\u0131,su ihtiyac\u0131 olanlar\u0131n sulanmas\u0131 gibi i\u015fler artard\u0131.<\/p>\n\n\n\n<p>Zamanla bostan\u0131n toprak y\u00fczeyi sebzelerin;yaprak ,dal ve g\u00f6vdeleriyle kaplan\u0131r.Yemye\u015fil hal\u0131 gibi olurdu.Zaman\u0131 gele \u00e7i\u00e7ek a\u00e7ar,sebze verirdi.Sebzeleri toplamak,sepetlere doldurmak ayr\u0131 bir meziyet isterdi.Telenkleri \u00e7i\u011fnemeden dal ve yapraklar\u0131 k\u0131rmadan sebzeler toplanmal\u0131yd\u0131.Toplanan sebzeler \u00f6zenle at arabas\u0131na y\u00fcklenirdi.Gen\u00e7lerden biri il\u00e7ede Yusuf Amcan\u0131n d\u00fckkan\u0131na g\u00f6t\u00fcr\u00fcp sat\u0131\u015fa haz\u0131r vaziyette dizerdi sepetleri.Yusuf Amca da sat\u0131\u015f yapard\u0131.M\u00fc\u015fterisi \u00e7oktu.Neden mi dersiniz?\u00c7\u00fcnk\u00fc Yusuf Amca organik sebze \u00fcreticisiydi.Taze lezzetli \u00fcr\u00fcn satt\u0131\u011f\u0131 g\u00fcvenini vermi\u015fti m\u00fc\u015fterilerine.Ne zaman d\u00fckkana yeni bir \u00fcr\u00fcn getirse,h\u0131zla t\u00fckenirdi.<\/p>\n\n\n\n<p>Sonbahara do\u011fru karpuz,kavunlar da olgunla\u015fmaya ba\u015flar.\u00d6nce karpuzlar ard\u0131ndan kavunlar olgunla\u015f\u0131rd\u0131.Karpuzlar ayn\u0131 \u00fcr\u00fcn toplama titizli\u011fi ile toplan\u0131r,arabaya y\u00fcklenirdi.Sat\u0131\u015fa sunulmak \u00fczere il\u00e7eye g\u00f6t\u00fcr\u00fcl\u00fcrd\u00fc.Yusuf Amca keyifle satar,para kazand\u0131k\u00e7a \u00e7e\u015fitli ihtiya\u00e7lar\u0131 al\u0131rd\u0131.<\/p>\n\n\n\n<p>Yusuf Amca sat\u0131\u015f yapt\u0131\u011f\u0131 an il\u00e7enin postac\u0131s\u0131 yakla\u015ft\u0131 yan\u0131na.Uzaklardan mektubun var dedi.Heyecanla mektubu ald\u0131.Zarf\u0131n \u00fczerine g\u00f6z gezdirince G\u00fcrcistan dan geldi\u011fini g\u00f6r\u00fcnce bay\u0131l\u0131r gibi oldu.G\u00fcrcistan daki e\u015fi ve \u00e7ocuklar\u0131ndan ilk defa mektup alm\u0131\u015ft\u0131.E\u015fi \u0130rine,k\u0131z\u0131 Gela ve o\u011flu Baram ,onu \u00e7ok \u00f6zlediklerini ve en k\u0131sa zamanda ziyaret edeceklerini yazm\u0131\u015flard\u0131.O kadar \u00e7ok sevinmi\u015fti ki art\u0131k sat\u0131\u015f i\u015fini d\u00fckkan kom\u015fusuna b\u0131rak\u0131p ,h\u0131zla eve gitti.<\/p>\n\n\n\n<p>Ak\u015fam olunca bostandan gelen Clensi ile M\u00fcsl\u00fcm\u2019e bu g\u00fczel haberi verdi.Ertesi g\u00fcn birlikte evi toparlad\u0131lar .M\u00fcsl\u00fcm evin ihtiya\u00e7lar\u0131n\u0131 belirledi.H\u0131zla \u00e7ar\u015f\u0131ya gidip,al\u0131\u015fveri\u015f yap\u0131p,eve d\u00f6nd\u00fc.Birlikte merakla gelecek olan \u0130rina,Gela ve Baram \u2018\u0131 beklemeye koyuldular.<\/p>\n\n\n\n<p>Havalar iyice so\u011fuyunca,bostanda kalan \u00fcr\u00fcnlerin tamam\u0131n\u0131 toplad\u0131lar.\u00c7e\u015fitli \u015fekillerde de\u011ferlendirilmek \u00fczere eve ta\u015f\u0131d\u0131lar.Bostan\u0131n yeri ertesi y\u0131la haz\u0131rlanmak i\u00e7in bitki ,k\u00f6k ve dallar\u0131ndan temizlediler.Yeniden s\u00fcr\u00fcm\u00fc yap\u0131l\u0131p g\u00fcbre at\u0131larak bir dahaki bahara haz\u0131r hale getirdiler.<\/p>\n\n\n\n<p>Yusuf Amca,Clensi ve Mehmet mahalleli taraf\u0131ndan \u00f6rnek g\u00f6sterilecek uyumlu \u00fc\u00e7l\u00fc olu\u015fturmu\u015flard\u0131.Bu uyum mahalle halk\u0131na \u00f6nc\u00fc ve \u00f6rnek olmu\u015ftu.Birbirlerini k\u0131rmadan ,i\u015fleri \u015fenlik i\u00e7inde yapar,sonuca erdirir.Herkes onlara g\u0131pta ile bakard\u0131.Mahallenin sevimli \u00fc\u00e7\u00fczleri olmu\u015flard\u0131.<\/p>\n\n\n\n<p>05\/01\/2024<\/p>\n\n\n\n<p>Celal Y\u0131ld\u0131r\u0131m<\/p>\n","protected":false},"excerpt":{"rendered":"<p>Yusuf Amcan\u0131n evi;Ark\u0131n yan\u0131nda ovaya hakim bir tepenin \u00fczerindeydi.Ev ,tek katl\u0131,toprak dam\u0131 olan,kerpi\u00e7 ve yan taraf\u0131nda atlar\u0131 i\u00e7in yapt\u0131\u011f\u0131 k\u00fc\u00e7\u00fck bir ah\u0131r vard\u0131. Evin konumland\u0131\u011f\u0131 arsa \u00e7ok b\u00fcy\u00fckt\u00fc.Etraf\u0131 tel \u00f6rg\u00fclerle \u00e7evrili,s\u0131ral\u0131 kavak fidanlar\u0131yla doluydu.Bah\u00e7enin sadece ev ve ah\u0131ra yak\u0131n k\u0131s\u0131mlar\u0131 bo\u015ftu.Oraya da at arabas\u0131n\u0131 koyard\u0131. Yusuf Amcaya yard\u0131mc\u0131 olan iki \u00e7al\u0131\u015fan\u0131 vard\u0131.Bu \u00e7al\u0131\u015fanlar\u0131n biri Mehmet [&hellip;]<\/p>\n","protected":false},"author":1,"featured_media":0,"comment_status":"open","ping_status":"open","sticky":false,"template":"","format":"standard","meta":{"footnotes":""},"categories":[9],"tags":[],"class_list":["post-80","post","type-post","status-publish","format-standard","hentry","category-cocuk-oykuleri"],"_links":{"self":[{"href":"https:\/\/celalyildirim.com\/index.php\/wp-json\/wp\/v2\/posts\/80","targetHints":{"allow":["GET"]}}],"collection":[{"href":"https:\/\/celalyildirim.com\/index.php\/wp-json\/wp\/v2\/posts"}],"about":[{"href":"https:\/\/celalyildirim.com\/index.php\/wp-json\/wp\/v2\/types\/post"}],"author":[{"embeddable":true,"href":"https:\/\/celalyildirim.com\/index.php\/wp-json\/wp\/v2\/users\/1"}],"replies":[{"embeddable":true,"href":"https:\/\/celalyildirim.com\/index.php\/wp-json\/wp\/v2\/comments?post=80"}],"version-history":[{"count":2,"href":"https:\/\/celalyildirim.com\/index.php\/wp-json\/wp\/v2\/posts\/80\/revisions"}],"predecessor-version":[{"id":744,"href":"https:\/\/celalyildirim.com\/index.php\/wp-json\/wp\/v2\/posts\/80\/revisions\/744"}],"wp:attachment":[{"href":"https:\/\/celalyildirim.com\/index.php\/wp-json\/wp\/v2\/media?parent=80"}],"wp:term":[{"taxonomy":"category","embeddable":true,"href":"https:\/\/celalyildirim.com\/index.php\/wp-json\/wp\/v2\/categories?post=80"},{"taxonomy":"post_tag","embeddable":true,"href":"https:\/\/celalyildirim.com\/index.php\/wp-json\/wp\/v2\/tags?post=80"}],"curies":[{"name":"wp","href":"https:\/\/api.w.org\/{rel}","templated":true}]}}