{"id":82,"date":"2025-02-16T14:50:28","date_gmt":"2025-02-16T11:50:28","guid":{"rendered":"https:\/\/celalyildirim.com\/?p=82"},"modified":"2025-05-17T22:27:14","modified_gmt":"2025-05-17T19:27:14","slug":"sehri-van","status":"publish","type":"post","link":"https:\/\/celalyildirim.com\/index.php\/2025\/02\/16\/sehri-van\/","title":{"rendered":"\u015eehri  Van"},"content":{"rendered":"\n<p>Yolcu yolun ,e\u011fer \u015farka d\u00fc\u015ferse<\/p>\n\n\n\n<p>Serhat \u015fehrimiz ,Van\u2019a da u\u011fra<\/p>\n\n\n\n<p>Giderem Van a do\u011fru,Yolum \u0130ran a do\u011fru<\/p>\n\n\n\n<p>Tatvan\u2019dan ba\u015flayan ,g\u00f6l\u00fcn mavilikleri g\u00f6z kama\u015ft\u0131r\u0131c\u0131<\/p>\n\n\n\n<p>Geva\u015f ,Edremit ye\u015fillikleri,g\u00f6l\u00fcn mavili\u011fine bulan\u0131r<\/p>\n\n\n\n<p>Bulutlar Artos Da\u011f\u0131n\u0131 g\u00f6ky\u00fcz\u00fcyle bulu\u015fturmu\u015f<\/p>\n\n\n\n<p>Y\u00f6re halk\u0131 ,Van G\u00f6l\u00fcne,deniz der<\/p>\n\n\n\n<p>Denizden;Akdamar Adas\u0131n\u0131,\u00c7arpana\u011f\u0131 izle<\/p>\n\n\n\n<p>Feribot iskelesinde<\/p>\n\n\n\n<p>Bal\u0131k\u00e7\u0131 Hasan day\u0131da;inci kefal ye,ayran i\u00e7<\/p>\n\n\n\n<p>Ya\u015far Kemal Park\u0131nda ,\u00e7ay molas\u0131 ,dinlen<\/p>\n\n\n\n<p>\u0130skeleden ,Van Kalesinin heybetli duru\u015fu bir ba\u015fka<\/p>\n\n\n\n<p>Kral Sarduri ,bu g\u00fczel kaleden nas\u0131l bakt\u0131?G\u00f6lde nas\u0131l y\u00fczd\u00fc?<\/p>\n\n\n\n<p>Buz gibi horhor suyundan bir yudum tat<\/p>\n\n\n\n<p>G\u00fcm\u00fc\u015f savatlardan ;k\u00fcpe,y\u00fcz\u00fck,bilezikler g\u00f6z al\u0131c\u0131<\/p>\n\n\n\n<p>Y\u00f6resel Van evini gez,kahve molas\u0131<\/p>\n\n\n\n<p>Van M\u00fczesinde ;ge\u00e7mi\u015f tarihe bir g\u00f6z at<\/p>\n\n\n\n<p>Urartu,Asur,S\u00fcmer,Sel\u00e7uklu,Osmanl\u0131 eserleri ba\u015f d\u00f6nd\u00fcr\u00fcc\u00fc g\u00fczel<\/p>\n\n\n\n<p>\u00d6\u011flen Birko\u00e7 Lokantas\u0131nda ,yo\u011furtlu kavurma damak tad\u0131nda<\/p>\n\n\n\n<p>Cumhuriyet Caddesini ba\u015ftan ba\u015fa dola\u015f<\/p>\n\n\n\n<p>Fakiye Teyran park\u0131nda dinlen,\u00e7ay molas\u0131<\/p>\n\n\n\n<p>Van ,yaslanm\u0131\u015f Erek Da\u011f\u0131\u2019n\u0131n ete\u011fine<\/p>\n\n\n\n<p>Erek da\u011f\u0131n\u0131n doruklar\u0131nda ,kar bembeyaz&nbsp;<\/p>\n\n\n\n<p>Peynirciler \u00c7ar\u015f\u0131s\u0131nda ;otlu peynirler,ballar al\u0131c\u0131lar\u0131n\u0131 bekler<\/p>\n\n\n\n<p>Kilimcilerde k\u0131rm\u0131z\u0131 lacivert hal\u0131 ve kilimler<\/p>\n\n\n\n<p>Perslerin izleri ta\u015f\u0131r,\u00fczerinde<\/p>\n\n\n\n<p>Ha unutmadan Be\u015fyolda Rus pazar\u0131na da u\u011fra<\/p>\n\n\n\n<p>\u00c7in i\u015fi ,Endonezya,\u0130ran porselenleri<\/p>\n\n\n\n<p>Uzakdo\u011fu tahta i\u015f\u00e7ili\u011fi ,neler neler<\/p>\n\n\n\n<p>Ak\u015fam oldu ,a\u00e7l\u0131k ve yorgunluk hissedilince;<\/p>\n\n\n\n<p>Hac\u0131o\u011flu Lokantas\u0131nda Kebap ,Ayran&nbsp;<\/p>\n\n\n\n<p>Konaklama zaman\u0131 B\u00fcy\u00fck Urartu Otelinde<\/p>\n\n\n\n<p>Unutmadan ,kahvalt\u0131l\u0131klar\u0131 da s\u00f6ylemeliyim<\/p>\n\n\n\n<p>Cumhuriyet Caddesi ,arka soka\u011f\u0131nda S\u00fct\u00e7\u00fc Kenan da<\/p>\n\n\n\n<p>Lava\u015f ve pide ekme\u011fi ,e\u015fli\u011finde<\/p>\n\n\n\n<p>Kavurma,kavut,murtuga,kaymak,bal<\/p>\n\n\n\n<p>Ha cevizli re\u00e7eli yeme\u011fi de unutma<\/p>\n\n\n\n<p>G\u00f6n\u00fclden sofralara akan yiyecekler.Tat tadabildi\u011fin kadar.\u015eehrivan\u2019\u0131mda\u2026.<\/p>\n\n\n\n<p>03\/01\/2024<\/p>\n\n\n\n<p>Celal Y\u0131ld\u0131r\u0131m<\/p>\n","protected":false},"excerpt":{"rendered":"<p>Yolcu yolun ,e\u011fer \u015farka d\u00fc\u015ferse Serhat \u015fehrimiz ,Van\u2019a da u\u011fra Giderem Van a do\u011fru,Yolum \u0130ran a do\u011fru Tatvan\u2019dan ba\u015flayan ,g\u00f6l\u00fcn mavilikleri g\u00f6z kama\u015ft\u0131r\u0131c\u0131 Geva\u015f ,Edremit ye\u015fillikleri,g\u00f6l\u00fcn mavili\u011fine bulan\u0131r Bulutlar Artos Da\u011f\u0131n\u0131 g\u00f6ky\u00fcz\u00fcyle bulu\u015fturmu\u015f Y\u00f6re halk\u0131 ,Van G\u00f6l\u00fcne,deniz der Denizden;Akdamar Adas\u0131n\u0131,\u00c7arpana\u011f\u0131 izle Feribot iskelesinde Bal\u0131k\u00e7\u0131 Hasan day\u0131da;inci kefal ye,ayran i\u00e7 Ya\u015far Kemal Park\u0131nda ,\u00e7ay molas\u0131 ,dinlen [&hellip;]<\/p>\n","protected":false},"author":1,"featured_media":0,"comment_status":"open","ping_status":"open","sticky":false,"template":"","format":"standard","meta":{"footnotes":""},"categories":[16],"tags":[],"class_list":["post-82","post","type-post","status-publish","format-standard","hentry","category-pastoral-siir"],"_links":{"self":[{"href":"https:\/\/celalyildirim.com\/index.php\/wp-json\/wp\/v2\/posts\/82","targetHints":{"allow":["GET"]}}],"collection":[{"href":"https:\/\/celalyildirim.com\/index.php\/wp-json\/wp\/v2\/posts"}],"about":[{"href":"https:\/\/celalyildirim.com\/index.php\/wp-json\/wp\/v2\/types\/post"}],"author":[{"embeddable":true,"href":"https:\/\/celalyildirim.com\/index.php\/wp-json\/wp\/v2\/users\/1"}],"replies":[{"embeddable":true,"href":"https:\/\/celalyildirim.com\/index.php\/wp-json\/wp\/v2\/comments?post=82"}],"version-history":[{"count":2,"href":"https:\/\/celalyildirim.com\/index.php\/wp-json\/wp\/v2\/posts\/82\/revisions"}],"predecessor-version":[{"id":743,"href":"https:\/\/celalyildirim.com\/index.php\/wp-json\/wp\/v2\/posts\/82\/revisions\/743"}],"wp:attachment":[{"href":"https:\/\/celalyildirim.com\/index.php\/wp-json\/wp\/v2\/media?parent=82"}],"wp:term":[{"taxonomy":"category","embeddable":true,"href":"https:\/\/celalyildirim.com\/index.php\/wp-json\/wp\/v2\/categories?post=82"},{"taxonomy":"post_tag","embeddable":true,"href":"https:\/\/celalyildirim.com\/index.php\/wp-json\/wp\/v2\/tags?post=82"}],"curies":[{"name":"wp","href":"https:\/\/api.w.org\/{rel}","templated":true}]}}