{"id":853,"date":"2025-06-22T22:00:14","date_gmt":"2025-06-22T19:00:14","guid":{"rendered":"https:\/\/celalyildirim.com\/?p=853"},"modified":"2025-06-26T21:45:30","modified_gmt":"2025-06-26T18:45:30","slug":"bu-topraklarda-2","status":"publish","type":"post","link":"https:\/\/celalyildirim.com\/index.php\/2025\/06\/22\/bu-topraklarda-2\/","title":{"rendered":"Bu Topraklarda"},"content":{"rendered":"\n<h3 class=\"wp-block-heading\"><strong>Bu T<\/strong>opraklarda<\/h3>\n\n\n\n<p>Bu topraklarda,<br>Umudu ye\u015fertmek laz\u0131m;<br>Ta Edirne\u2019den Kars\u2019a kadar,<br>G\u00f6n\u00fcl k\u00f6pr\u00fcs\u00fc kurmal\u0131,<br>G\u00f6n\u00fclden g\u00f6n\u00fcle akan.<\/p>\n\n\n\n<p>O k\u00f6pr\u00fcden gelin arabalar\u0131 ge\u00e7sin,<br>\u00c7ocuklar bisiklet s\u00fcrs\u00fcn, hora tepsin.<\/p>\n\n\n\n<p>Bu topraklarda,<br>Karde\u015fli\u011fi, mutlulu\u011fu, sevgiyi ye\u015fertmek laz\u0131m.<br>Gamzeli k\u0131zlar\u0131n y\u00fcz\u00fcnde g\u00fcl\u00fcc\u00fckler,<br>B\u0131y\u0131\u011f\u0131 terlemi\u015f fidan delikanl\u0131larda tebess\u00fcm.<br>Ya\u015fl\u0131 dede ve ninelerimiz de ho\u015f sohbet;<br>Ba\u015ftan ba\u015fa bu topraklar\u0131n, masal\u0131n\u0131 anlats\u0131nlar.<\/p>\n\n\n\n<p>Bu topraklarda,<br>Ho\u015fg\u00f6r\u00fcy\u00fc iliklerimize kadar ya\u015famak laz\u0131m.<br>Her y\u00f6resinde ayr\u0131 bir renk,<br>Her yeme\u011finde ayr\u0131 bir tat.<\/p>\n\n\n\n<p>Karadeniz\u2019de horon tepenler,<br>Ege\u2019de harmandal\u0131, Kerimo\u011flu zeybe\u011fi oynayanlar,<br>Do\u011fusunda \u00e7ayda \u00e7\u0131ra oynayan, halay \u00e7ekenler,<br>Akdeniz\u2019inde teke zortlatmas\u0131, ka\u015f\u0131k oynayanlar,<br>Trakya\u2019s\u0131nda kar\u015f\u0131lama, romen havalar\u0131,<br>G\u00fcneyinde \u00e7epiklisi, \u015fu\u015fanesi, govendi,<br>\u0130\u00e7 Anadolu\u2019sunda seymenlerin zeybe\u011fi,<br>Ankara\u2019n\u0131n ba\u011flar\u0131.<\/p>\n\n\n\n<p>Bu topraklarda,<br>Bar\u0131\u015f\u0131 ve karde\u015fli\u011fi ye\u015fertmek laz\u0131m.<br>Bar\u0131\u015f olmal\u0131 u\u00e7tan uca;<br>Analar a\u011flamamal\u0131, h\u00fcz\u00fcnl\u00fc h\u00fcz\u00fcnl\u00fc.<\/p>\n\n\n\n<p>Bir \u015femsiye a\u00e7mal\u0131,<br>Alt\u0131nda b\u00fct\u00fcn renkler, kol kola, omuz omuza,<br>Karde\u015f\u00e7e, \u0131slanmadan,<br>Sevin\u00e7 g\u00f6zya\u015flar\u0131 akmal\u0131, \u0131rmak gibi, \u00f6zg\u00fcrce.<\/p>\n","protected":false},"excerpt":{"rendered":"<p>Bu Topraklarda Bu topraklarda,Umudu ye\u015fertmek laz\u0131m;Ta Edirne\u2019den Kars\u2019a kadar,G\u00f6n\u00fcl k\u00f6pr\u00fcs\u00fc kurmal\u0131,G\u00f6n\u00fclden g\u00f6n\u00fcle akan. O k\u00f6pr\u00fcden gelin arabalar\u0131 ge\u00e7sin,\u00c7ocuklar bisiklet s\u00fcrs\u00fcn, hora tepsin. Bu topraklarda,Karde\u015fli\u011fi, mutlulu\u011fu, sevgiyi ye\u015fertmek laz\u0131m.Gamzeli k\u0131zlar\u0131n y\u00fcz\u00fcnde g\u00fcl\u00fcc\u00fckler,B\u0131y\u0131\u011f\u0131 terlemi\u015f fidan delikanl\u0131larda tebess\u00fcm.Ya\u015fl\u0131 dede ve ninelerimiz de ho\u015f sohbet;Ba\u015ftan ba\u015fa bu topraklar\u0131n, masal\u0131n\u0131 anlats\u0131nlar. Bu topraklarda,Ho\u015fg\u00f6r\u00fcy\u00fc iliklerimize kadar ya\u015famak laz\u0131m.Her y\u00f6resinde ayr\u0131 bir [&hellip;]<\/p>\n","protected":false},"author":1,"featured_media":0,"comment_status":"open","ping_status":"open","sticky":false,"template":"","format":"standard","meta":{"footnotes":""},"categories":[19],"tags":[],"class_list":["post-853","post","type-post","status-publish","format-standard","hentry","category-toplumsal-siir"],"_links":{"self":[{"href":"https:\/\/celalyildirim.com\/index.php\/wp-json\/wp\/v2\/posts\/853","targetHints":{"allow":["GET"]}}],"collection":[{"href":"https:\/\/celalyildirim.com\/index.php\/wp-json\/wp\/v2\/posts"}],"about":[{"href":"https:\/\/celalyildirim.com\/index.php\/wp-json\/wp\/v2\/types\/post"}],"author":[{"embeddable":true,"href":"https:\/\/celalyildirim.com\/index.php\/wp-json\/wp\/v2\/users\/1"}],"replies":[{"embeddable":true,"href":"https:\/\/celalyildirim.com\/index.php\/wp-json\/wp\/v2\/comments?post=853"}],"version-history":[{"count":2,"href":"https:\/\/celalyildirim.com\/index.php\/wp-json\/wp\/v2\/posts\/853\/revisions"}],"predecessor-version":[{"id":985,"href":"https:\/\/celalyildirim.com\/index.php\/wp-json\/wp\/v2\/posts\/853\/revisions\/985"}],"wp:attachment":[{"href":"https:\/\/celalyildirim.com\/index.php\/wp-json\/wp\/v2\/media?parent=853"}],"wp:term":[{"taxonomy":"category","embeddable":true,"href":"https:\/\/celalyildirim.com\/index.php\/wp-json\/wp\/v2\/categories?post=853"},{"taxonomy":"post_tag","embeddable":true,"href":"https:\/\/celalyildirim.com\/index.php\/wp-json\/wp\/v2\/tags?post=853"}],"curies":[{"name":"wp","href":"https:\/\/api.w.org\/{rel}","templated":true}]}}