{"id":90,"date":"2025-02-16T15:10:05","date_gmt":"2025-02-16T12:10:05","guid":{"rendered":"https:\/\/celalyildirim.com\/?p=90"},"modified":"2025-05-17T22:25:03","modified_gmt":"2025-05-17T19:25:03","slug":"yil-dedigin","status":"publish","type":"post","link":"https:\/\/celalyildirim.com\/index.php\/2025\/02\/16\/yil-dedigin\/","title":{"rendered":"Y\u0131l  Dedi\u011fin"},"content":{"rendered":"\n<p>Y\u0131l bizim yaratt\u0131\u011f\u0131m\u0131z bir zaman dilimi<\/p>\n\n\n\n<p>\u0130\u00e7inde ne\u015fe,mutluluk,ac\u0131,keder bar\u0131nd\u0131ran.<\/p>\n\n\n\n<p>Bir bakm\u0131\u015fs\u0131n gelip ge\u00e7mi\u015f<\/p>\n\n\n\n<p>Y\u0131l bazen r\u00fczgar olur,bazen sars\u0131c\u0131 deprem ,bazen ovadaki durgun akan su<\/p>\n\n\n\n<p>Tarlada k\u0131zg\u0131n g\u00fcne\u015fin alt\u0131nda ter d\u00f6ken i\u015f\u00e7iler<\/p>\n\n\n\n<p>Yerin yedi kat dibindeki k\u00f6m\u00fcr karas\u0131 madenciler<\/p>\n\n\n\n<p>Fabrikada ,\u00e7al\u0131\u015fan makineye yeti\u015fmeye \u00e7al\u0131\u015fan i\u015f\u00e7iler<\/p>\n\n\n\n<p>Pazar yerinde al abim,al ablam al batm\u0131\u015f geminin mallar\u0131 diyen pazarc\u0131lar<\/p>\n\n\n\n<p>Hasretleri gidermek i\u00e7in yola \u00e7\u0131km\u0131\u015f uzun yol \u015f\u00f6forlar\u0131<\/p>\n\n\n\n<p>Kamu ve \u00f6zel sekt\u00f6rdeki hizmet \u00fcreten memurlar<\/p>\n\n\n\n<p>Topluma haber ula\u015ft\u0131rmak i\u00e7in can h\u0131ra\u015f \u00e7al\u0131\u015fan gazeteciler<\/p>\n\n\n\n<p>G\u00f6ky\u00fcz\u00fcndeki pilotlar,denizdeki kaptanlar,trendeki makinistler<\/p>\n\n\n\n<p>Hastanelerde hastas\u0131n\u0131 iyile\u015ftirmeye \u00e7al\u0131\u015fan doktor,hem\u015fire,hasta bak\u0131c\u0131lar<\/p>\n\n\n\n<p>Eczanesinde hastalara \u015fifa da\u011f\u0131tan eczac\u0131 ve \u00e7al\u0131\u015fanlar<\/p>\n\n\n\n<p>Adliyede hukuku uygulamaya \u00e7al\u0131\u015fan avukat,hakim ve savc\u0131lar<\/p>\n\n\n\n<p>Evinde \u00fcreten ev kad\u0131nlar\u0131<\/p>\n\n\n\n<p>\u00dcniversitede evrensel bilim \u00fcreten hocalar<\/p>\n\n\n\n<p>Yurt ve yemek problemi \u00e7\u00f6z\u00fclemeyen \u00f6\u011frenciler<\/p>\n\n\n\n<p>Okullarda bilimsel ve demokratik e\u011fitim i\u00e7in m\u00fccadele eden yol arkada\u015flar\u0131m \u00f6\u011fretmenler<\/p>\n\n\n\n<p>Y\u0131l dedi\u011fin t\u00fcm insanl\u0131k \u00fczerinde bir iz b\u0131rak\u0131r<\/p>\n\n\n\n<p>An\u0131lar biriktirir; kimi ac\u0131 ,kimi tatl\u0131<\/p>\n\n\n\n<p>Y\u0131l dedi\u011fin; r\u00fczgar gibi eser,deprem gibi sarsar,su gibi akar gider<\/p>\n\n\n\n<p>Ard\u0131na bakmadan \u2026.<\/p>\n\n\n\n<p>&nbsp; &nbsp; &nbsp; &nbsp; &nbsp; &nbsp; &nbsp;31\/12\/2023<\/p>\n\n\n\n<p>&nbsp; &nbsp; &nbsp; Celal Y\u0131ld\u0131r\u0131m<\/p>\n","protected":false},"excerpt":{"rendered":"<p>Y\u0131l bizim yaratt\u0131\u011f\u0131m\u0131z bir zaman dilimi \u0130\u00e7inde ne\u015fe,mutluluk,ac\u0131,keder bar\u0131nd\u0131ran. Bir bakm\u0131\u015fs\u0131n gelip ge\u00e7mi\u015f Y\u0131l bazen r\u00fczgar olur,bazen sars\u0131c\u0131 deprem ,bazen ovadaki durgun akan su Tarlada k\u0131zg\u0131n g\u00fcne\u015fin alt\u0131nda ter d\u00f6ken i\u015f\u00e7iler Yerin yedi kat dibindeki k\u00f6m\u00fcr karas\u0131 madenciler Fabrikada ,\u00e7al\u0131\u015fan makineye yeti\u015fmeye \u00e7al\u0131\u015fan i\u015f\u00e7iler Pazar yerinde al abim,al ablam al batm\u0131\u015f geminin mallar\u0131 diyen pazarc\u0131lar [&hellip;]<\/p>\n","protected":false},"author":1,"featured_media":0,"comment_status":"open","ping_status":"open","sticky":false,"template":"","format":"standard","meta":{"footnotes":""},"categories":[8],"tags":[],"class_list":["post-90","post","type-post","status-publish","format-standard","hentry","category-lirik-siir"],"_links":{"self":[{"href":"https:\/\/celalyildirim.com\/index.php\/wp-json\/wp\/v2\/posts\/90","targetHints":{"allow":["GET"]}}],"collection":[{"href":"https:\/\/celalyildirim.com\/index.php\/wp-json\/wp\/v2\/posts"}],"about":[{"href":"https:\/\/celalyildirim.com\/index.php\/wp-json\/wp\/v2\/types\/post"}],"author":[{"embeddable":true,"href":"https:\/\/celalyildirim.com\/index.php\/wp-json\/wp\/v2\/users\/1"}],"replies":[{"embeddable":true,"href":"https:\/\/celalyildirim.com\/index.php\/wp-json\/wp\/v2\/comments?post=90"}],"version-history":[{"count":2,"href":"https:\/\/celalyildirim.com\/index.php\/wp-json\/wp\/v2\/posts\/90\/revisions"}],"predecessor-version":[{"id":740,"href":"https:\/\/celalyildirim.com\/index.php\/wp-json\/wp\/v2\/posts\/90\/revisions\/740"}],"wp:attachment":[{"href":"https:\/\/celalyildirim.com\/index.php\/wp-json\/wp\/v2\/media?parent=90"}],"wp:term":[{"taxonomy":"category","embeddable":true,"href":"https:\/\/celalyildirim.com\/index.php\/wp-json\/wp\/v2\/categories?post=90"},{"taxonomy":"post_tag","embeddable":true,"href":"https:\/\/celalyildirim.com\/index.php\/wp-json\/wp\/v2\/tags?post=90"}],"curies":[{"name":"wp","href":"https:\/\/api.w.org\/{rel}","templated":true}]}}