{"id":959,"date":"2025-06-26T11:10:54","date_gmt":"2025-06-26T08:10:54","guid":{"rendered":"https:\/\/celalyildirim.com\/?p=959"},"modified":"2025-07-28T12:12:04","modified_gmt":"2025-07-28T09:12:04","slug":"topragin-cagrisi","status":"publish","type":"post","link":"https:\/\/celalyildirim.com\/index.php\/2025\/06\/26\/topragin-cagrisi\/","title":{"rendered":"Topra\u011f\u0131n \u00c7a\u011fr\u0131s\u0131"},"content":{"rendered":"\n<h3 class=\"wp-block-heading\"><strong>Topra\u011f\u0131n \u00c7a\u011fr\u0131s\u0131 \u2013 \u00dcretmek mi, T\u00fcketmek mi?<\/strong><\/h3>\n\n\n\n<p>\u0130nsan neden ya\u015far?<br>Yaln\u0131zca nefes almak i\u00e7in mi, yoksa topra\u011fa dokunup hayat\u0131 b\u00fcy\u00fctmek i\u00e7in mi?<br>Bir lokma ekmek i\u00e7in ne kadar derin bir tarih yaz\u0131lm\u0131\u015ft\u0131r, hi\u00e7 d\u00fc\u015f\u00fcnd\u00fcn\u00fcz m\u00fc?<\/p>\n\n\n\n<p>Beslenme, sadece karn\u0131m\u0131z\u0131 doyurmak de\u011fildir; insan\u0131n do\u011fayla, kendisiyle ve di\u011fer insanlarla kurdu\u011fu en temel ba\u011fd\u0131r. O h\u00e2lde sormak gerekir:<br><strong>Bir toplum, bu ba\u011f\u0131 kopar\u0131rsa ne olur?<\/strong><br>\u00dcretmeden t\u00fcketmeye al\u0131\u015fan bir milletin, gelece\u011fi olur mu?<\/p>\n\n\n\n<p>Bir zamanlar bu topraklar, bereketin ad\u0131d\u0131r. Anadolu, kendi kendine yetebilen birka\u00e7 \u00fclkeden biri olarak an\u0131l\u0131rd\u0131. Peki, bug\u00fcn geldi\u011fimiz noktada, neden d\u0131\u015far\u0131ya ba\u011f\u0131ml\u0131 h\u00e2le geldik?<br>Tar\u0131m\u0131 g\u00f6z ard\u0131 etmek; sadece ekinleri de\u011fil, k\u00f6yleri, k\u00fclt\u00fcrleri, ge\u00e7mi\u015fi ve gelece\u011fi ihmal etmektir.<br><strong>Kendi \u00e7ift\u00e7isini terk eden bir \u00fclke, hangi g\u00fcvenle ba\u015fka milletlerin \u00fcr\u00fcn\u00fcne bel ba\u011flar?<\/strong><\/p>\n\n\n\n<p>Daha kolay\u0131 se\u00e7tik belki.<br>D\u0131\u015far\u0131dan almak, i\u00e7eride \u00fcretmekten daha ucuz g\u00f6r\u00fcnd\u00fc.<br>Ama biz bu tercihleri yaparken;<br><strong>Hi\u00e7 d\u00fc\u015f\u00fcnd\u00fck m\u00fc bir trakt\u00f6r\u00fcn sessizli\u011finin ard\u0131nda hangi \u00e7\u0131\u011fl\u0131klar gizlidir?<\/strong><br>Tarlas\u0131 bo\u015f kalan bir \u00e7ift\u00e7i ne hisseder?<br>Kimi zaman topra\u011f\u0131ndan, kimi zaman onurundan vazge\u00e7mek zorunda kalan insan\u0131n i\u00e7 d\u00fcnyas\u0131nda ne f\u0131rt\u0131nalar kopar?<\/p>\n\n\n\n<p>Afrika\u2019da arazi kiralay\u0131p \u00fcretim yapmaya \u00e7al\u0131\u015f\u0131rken,<br>Trakya b\u00fcy\u00fckl\u00fc\u011f\u00fcnde alanlar\u0131m\u0131z neden bo\u015f durur?<br>Biz neden kendi topra\u011f\u0131m\u0131za s\u0131rt d\u00f6neriz?<br><strong>K\u00f6klerinden uzak bir a\u011fa\u00e7, ne kadar ya\u015fayabilir?<\/strong><\/p>\n\n\n\n<p>Sava\u015flar olur, ticaret yollar\u0131 kapan\u0131r, g\u0131da zincirleri k\u0131r\u0131l\u0131r.<br>O zaman a\u00e7l\u0131k yaln\u0131zca bir kar\u0131n meselesi de\u011fil, bir ulusun varl\u0131k sorunu h\u00e2line gelir.<br>Her \u00fclke, \u00f6nce kendi insan\u0131n\u0131 doyurmak ister.<br>Peki biz?<br><strong>Kendi halk\u0131m\u0131z\u0131 doyuramayacak h\u00e2le gelirsek, ba\u011f\u0131ms\u0131zl\u0131\u011f\u0131m\u0131zdan nas\u0131l s\u00f6z ederiz?<\/strong><\/p>\n\n\n\n<p>Bir kilo bu\u011fday, bir damla ay\u00e7i\u00e7ek ya\u011f\u0131, sadece \u00fcr\u00fcn de\u011fil;<br>ayn\u0131 zamanda bir milletin direni\u015fidir.<br>Bir \u00e7ift\u00e7inin aln\u0131ndaki ter, yaln\u0131zca bir emek de\u011fil, bir m\u00fccadeledir.<br>Ve o m\u00fccadele, sessizce terk edilmeyi hak etmez.<\/p>\n\n\n\n<p>O h\u00e2lde cevap a\u00e7\u0131k:<br>Bilimsel, kararl\u0131, uzun vadeli tar\u0131m politikalar\u0131na ihtiyac\u0131m\u0131z var.<br>\u00c7\u00fcnk\u00fc g\u0131da, sadece pazar mal\u0131 de\u011fil, ya\u015famsal bir hakt\u0131r.<br><strong>E\u011fer topra\u011fa ihanet edersek, tarih bizi affeder mi?<\/strong><\/p>\n\n\n\n<p>Ve en nihayetinde \u015fu soruyla ba\u015f ba\u015fa kal\u0131r\u0131z:<br><strong>Topra\u011f\u0131 olmayan\u0131n gelece\u011fi olur mu?<br>\u00dcretmeyen bir halk, ger\u00e7ekten \u00f6zg\u00fcr m\u00fcd\u00fcr?<\/strong><\/p>\n","protected":false},"excerpt":{"rendered":"<p>Topra\u011f\u0131n \u00c7a\u011fr\u0131s\u0131 \u2013 \u00dcretmek mi, T\u00fcketmek mi? \u0130nsan neden ya\u015far?Yaln\u0131zca nefes almak i\u00e7in mi, yoksa topra\u011fa dokunup hayat\u0131 b\u00fcy\u00fctmek i\u00e7in mi?Bir lokma ekmek i\u00e7in ne kadar derin bir tarih yaz\u0131lm\u0131\u015ft\u0131r, hi\u00e7 d\u00fc\u015f\u00fcnd\u00fcn\u00fcz m\u00fc? Beslenme, sadece karn\u0131m\u0131z\u0131 doyurmak de\u011fildir; insan\u0131n do\u011fayla, kendisiyle ve di\u011fer insanlarla kurdu\u011fu en temel ba\u011fd\u0131r. O h\u00e2lde sormak gerekir:Bir toplum, bu ba\u011f\u0131 [&hellip;]<\/p>\n","protected":false},"author":1,"featured_media":1176,"comment_status":"open","ping_status":"open","sticky":false,"template":"","format":"standard","meta":{"footnotes":""},"categories":[10],"tags":[],"class_list":["post-959","post","type-post","status-publish","format-standard","has-post-thumbnail","hentry","category-guncel-makale"],"_links":{"self":[{"href":"https:\/\/celalyildirim.com\/index.php\/wp-json\/wp\/v2\/posts\/959","targetHints":{"allow":["GET"]}}],"collection":[{"href":"https:\/\/celalyildirim.com\/index.php\/wp-json\/wp\/v2\/posts"}],"about":[{"href":"https:\/\/celalyildirim.com\/index.php\/wp-json\/wp\/v2\/types\/post"}],"author":[{"embeddable":true,"href":"https:\/\/celalyildirim.com\/index.php\/wp-json\/wp\/v2\/users\/1"}],"replies":[{"embeddable":true,"href":"https:\/\/celalyildirim.com\/index.php\/wp-json\/wp\/v2\/comments?post=959"}],"version-history":[{"count":1,"href":"https:\/\/celalyildirim.com\/index.php\/wp-json\/wp\/v2\/posts\/959\/revisions"}],"predecessor-version":[{"id":960,"href":"https:\/\/celalyildirim.com\/index.php\/wp-json\/wp\/v2\/posts\/959\/revisions\/960"}],"wp:featuredmedia":[{"embeddable":true,"href":"https:\/\/celalyildirim.com\/index.php\/wp-json\/wp\/v2\/media\/1176"}],"wp:attachment":[{"href":"https:\/\/celalyildirim.com\/index.php\/wp-json\/wp\/v2\/media?parent=959"}],"wp:term":[{"taxonomy":"category","embeddable":true,"href":"https:\/\/celalyildirim.com\/index.php\/wp-json\/wp\/v2\/categories?post=959"},{"taxonomy":"post_tag","embeddable":true,"href":"https:\/\/celalyildirim.com\/index.php\/wp-json\/wp\/v2\/tags?post=959"}],"curies":[{"name":"wp","href":"https:\/\/api.w.org\/{rel}","templated":true}]}}