{"id":96,"date":"2025-02-16T15:14:43","date_gmt":"2025-02-16T12:14:43","guid":{"rendered":"https:\/\/celalyildirim.com\/?p=96"},"modified":"2025-05-17T22:23:27","modified_gmt":"2025-05-17T19:23:27","slug":"ayrilik","status":"publish","type":"post","link":"https:\/\/celalyildirim.com\/index.php\/2025\/02\/16\/ayrilik\/","title":{"rendered":"Ayr\u0131l\u0131k"},"content":{"rendered":"\n<p>Bir ayr\u0131l\u0131k ac\u0131s\u0131d\u0131r,<\/p>\n\n\n\n<p>Y\u00fcre\u011fime&nbsp; kor alev gibi d\u00fc\u015fen.<\/p>\n\n\n\n<p>Al\u0131r ba\u015f\u0131m\u0131 diyar diyar giderim.<\/p>\n\n\n\n<p>\u015eehirler seni bekler,sessiz<\/p>\n\n\n\n<p>Ayr\u0131l\u0131k ac\u0131s\u0131 i\u015fler bedene<\/p>\n\n\n\n<p>Her ge\u00e7en saat,g\u00fcn,hafta<\/p>\n\n\n\n<p>Kara bulutlar sarar g\u00f6ky\u00fcz\u00fcn\u00fc<\/p>\n\n\n\n<p>Ayr\u0131l\u0131k saati gelince<\/p>\n\n\n\n<p>Kafam kazan,g\u00f6nl\u00fcm durgun g\u00f6l gibi<\/p>\n\n\n\n<p>Sevdiklerinden ,sevgiliden uzak.<\/p>\n\n\n\n<p>Ayr\u0131l\u0131k ne kadar zor<\/p>\n\n\n\n<p>\u00c7ek arabay\u0131,ho\u015f\u00e7akal de<\/p>\n\n\n\n<p>Ayr\u0131l\u0131k an\u0131 yakla\u015fmadan.<\/p>\n\n\n\n<p>&nbsp; &nbsp; &nbsp; &nbsp; &nbsp; &nbsp; &nbsp; &nbsp;18.12.2023<\/p>\n\n\n\n<p>&nbsp; &nbsp; &nbsp; &nbsp; &nbsp; Celal Y\u0131ld\u0131r\u0131m<\/p>\n","protected":false},"excerpt":{"rendered":"<p>Bir ayr\u0131l\u0131k ac\u0131s\u0131d\u0131r, Y\u00fcre\u011fime&nbsp; kor alev gibi d\u00fc\u015fen. Al\u0131r ba\u015f\u0131m\u0131 diyar diyar giderim. \u015eehirler seni bekler,sessiz Ayr\u0131l\u0131k ac\u0131s\u0131 i\u015fler bedene Her ge\u00e7en saat,g\u00fcn,hafta Kara bulutlar sarar g\u00f6ky\u00fcz\u00fcn\u00fc Ayr\u0131l\u0131k saati gelince Kafam kazan,g\u00f6nl\u00fcm durgun g\u00f6l gibi Sevdiklerinden ,sevgiliden uzak. Ayr\u0131l\u0131k ne kadar zor \u00c7ek arabay\u0131,ho\u015f\u00e7akal de Ayr\u0131l\u0131k an\u0131 yakla\u015fmadan. &nbsp; &nbsp; &nbsp; &nbsp; &nbsp; &nbsp; &nbsp; [&hellip;]<\/p>\n","protected":false},"author":1,"featured_media":0,"comment_status":"open","ping_status":"open","sticky":false,"template":"","format":"standard","meta":{"footnotes":""},"categories":[8],"tags":[],"class_list":["post-96","post","type-post","status-publish","format-standard","hentry","category-lirik-siir"],"_links":{"self":[{"href":"https:\/\/celalyildirim.com\/index.php\/wp-json\/wp\/v2\/posts\/96","targetHints":{"allow":["GET"]}}],"collection":[{"href":"https:\/\/celalyildirim.com\/index.php\/wp-json\/wp\/v2\/posts"}],"about":[{"href":"https:\/\/celalyildirim.com\/index.php\/wp-json\/wp\/v2\/types\/post"}],"author":[{"embeddable":true,"href":"https:\/\/celalyildirim.com\/index.php\/wp-json\/wp\/v2\/users\/1"}],"replies":[{"embeddable":true,"href":"https:\/\/celalyildirim.com\/index.php\/wp-json\/wp\/v2\/comments?post=96"}],"version-history":[{"count":2,"href":"https:\/\/celalyildirim.com\/index.php\/wp-json\/wp\/v2\/posts\/96\/revisions"}],"predecessor-version":[{"id":737,"href":"https:\/\/celalyildirim.com\/index.php\/wp-json\/wp\/v2\/posts\/96\/revisions\/737"}],"wp:attachment":[{"href":"https:\/\/celalyildirim.com\/index.php\/wp-json\/wp\/v2\/media?parent=96"}],"wp:term":[{"taxonomy":"category","embeddable":true,"href":"https:\/\/celalyildirim.com\/index.php\/wp-json\/wp\/v2\/categories?post=96"},{"taxonomy":"post_tag","embeddable":true,"href":"https:\/\/celalyildirim.com\/index.php\/wp-json\/wp\/v2\/tags?post=96"}],"curies":[{"name":"wp","href":"https:\/\/api.w.org\/{rel}","templated":true}]}}